{"id":1241,"date":"2012-03-22T01:25:46","date_gmt":"2012-03-21T23:25:46","guid":{"rendered":"https:\/\/spacetux.org\/cpamoa\/?p=1241"},"modified":"2014-01-08T11:16:59","modified_gmt":"2014-01-08T10:16:59","slug":"en-route-pour-liss","status":"publish","type":"post","link":"https:\/\/spacetux.org\/cpamoa\/2012\/03\/en-route-pour-liss\/","title":{"rendered":"En route pour l&rsquo;ISS"},"content":{"rendered":"<p>Vendredi matin, \u00e0 l&rsquo;heure o\u00f9 habituellement je fais de beaux r\u00eaves, une fus\u00e9e Ariane 5 d\u00e9collera du Port Spatial de l&rsquo;Europe \u00e0 Kourou en Guyane Fran\u00e7aise avec \u00e0 son bord le cargo de ravitaillement europ\u00e9en, l&rsquo;ATV Edoardo Amaldi. Apr\u00e8s avoir \u00e9t\u00e9 report\u00e9 de 14 jours, son lancement aura lieu \u00e0 4:34am GMT (soit 5h34 heure de Paris). Avec une masse de plus de 20 Tonnes, l&rsquo;ATV sera le chargement le plus lourd qu&rsquo;une fus\u00e9e Ariane 5 aura mis sur orbite jusqu&rsquo;\u00e0 pr\u00e9sent.<\/p>\n<div id=\"attachment_6063\" style=\"width: 210px\" class=\"wp-caption aligncenter\"><a href=\"https:\/\/spacetux.org\/cpamoa\/wp-content\/uploads\/2012\/03\/20120322-Ariane-5-transportant-ATV3.jpg\"><img loading=\"lazy\" decoding=\"async\" aria-describedby=\"caption-attachment-6063\" class=\"wp-image-6063 \" title=\"Ariane V et l'ATV Edoardo Amaldi en route vers le pas de tir (Credits : ESA - S. Corvaja, 2012)\" alt=\"Ariane V et l'ATV Edoardo Amaldi en route vers le pas de tir (Credits : ESA - S. Corvaja, 2012)\" src=\"https:\/\/spacetux.org\/cpamoa\/wp-content\/uploads\/2012\/03\/20120322-Ariane-5-transportant-ATV3.jpg\" width=\"200\" height=\"300\" \/><\/a><p id=\"caption-attachment-6063\" class=\"wp-caption-text\">Ariane V et l&rsquo;ATV Edoardo Amaldi en route vers le pas de tir (Credits : ESA &#8211; S. Corvaja, 2012)<\/p><\/div>\n<p><span style=\"font-size: 0.95em; line-height: 1.6em;\">Ariane qui se trouvait jusqu&rsquo;\u00e0 \u00a0pr\u00e9sent dans le B\u00e2timent d&rsquo;Assemblage Final, a \u00e9t\u00e9 \u00ab\u00a0roul\u00e9e\u00a0\u00bb aujourd&rsquo;hui vers son pas de tir<\/span><\/p>\n<div id=\"attachment_6064\" style=\"width: 510px\" class=\"wp-caption aligncenter\"><a href=\"https:\/\/spacetux.org\/cpamoa\/wp-content\/uploads\/2012\/03\/20120322-Vue-aerienne-du-CSG.jpg\"><img decoding=\"async\" aria-describedby=\"caption-attachment-6064\" class=\" wp-image-6064  \" alt=\"Ariane V en route vers son pas de tir. Vue a\u00e9rienne du CSG, le Centre Spatial Guyanais (Credits : ESA - S. Corvaja, 2012)\" src=\"https:\/\/spacetux.org\/cpamoa\/wp-content\/uploads\/2012\/03\/20120322-Vue-aerienne-du-CSG.jpg\" width=\"500\" \/><\/a><p id=\"caption-attachment-6064\" class=\"wp-caption-text\">Ariane V en route vers son pas de tir. Vue a\u00e9rienne du CSG, le Centre Spatial Guyanais (Credits : ESA &#8211; S. Corvaja, 2012)<\/p><\/div>\n<p>&nbsp;<\/p>\n<p>Pour vivre en direct le lancement d&rsquo;Ariane en fran\u00e7ais ou en anglais, rendez-vous sur le site d&rsquo;Arianespace \u00e0 partir de 4:14 GMT (5h14 \u00e0 Paris) :\u00a0<a href=\"http:\/\/www.arianespace.tv\/index.htm\">http:\/\/www.arianespace.tv\/index.htm<\/a><\/p>\n<p>&nbsp;<\/p>\n<p><strong>Liens suppl\u00e9mentaires :<\/strong><\/p>\n<p>La page ATV sur le site de l&rsquo;ESA :\u00a0<a href=\"http:\/\/www.esa.int\/SPECIALS\/ATV\/index.html\">http:\/\/www.esa.int\/SPECIALS\/ATV\/index.html<\/a><\/p>\n<p>Le blog de l&rsquo;ATV-CC (le Centre de Contr\u00f4le ATV) sur le site du CNES :\u00a0<a href=\"http:\/\/www.cnes.fr\/web\/CNES-fr\/8698-atv-2.php\">http:\/\/www.cnes.fr\/web\/CNES-fr\/8698-atv-2.php<\/a><\/p>\n<p>Une liste d\u00e9taill\u00e9e (en anglais) du contenu de l&rsquo;ATV :\u00a0<a href=\"http:\/\/blogs.esa.int\/atv\/2012\/03\/14\/the-big-atv-cargo-post-v3-0\/\">http:\/\/blogs.esa.int\/atv\/2012\/03\/14\/the-big-atv-cargo-post-v3-0\/<\/a><\/p>\n<p>Une vid\u00e9o du CNES : l&rsquo;ATV3 a rendez-vous avec l&rsquo;ISS :\u00a0<a href=\"http:\/\/www.dailymotion.com\/video\/xpcdfz_l-atv-3-a-rendez-vous-avec-l-iss_tech\">http:\/\/www.dailymotion.com\/video\/xpcdfz_l-atv-3-a-rendez-vous-avec-l-iss_tech<\/a><\/p>\n","protected":false},"excerpt":{"rendered":"<p>Vendredi matin, \u00e0 l&rsquo;heure o\u00f9 habituellement je fais de beaux r\u00eaves, une fus\u00e9e Ariane 5 d\u00e9collera du Port Spatial de l&rsquo;Europe \u00e0 Kourou en Guyane Fran\u00e7aise avec \u00e0 son bord le cargo de ravitaillement europ\u00e9en, l&rsquo;ATV Edoardo Amaldi. Apr\u00e8s avoir \u00e9t\u00e9 report\u00e9 de 14 jours, son lancement aura lieu \u00e0 4:34am GMT (soit 5h34 heure de Paris). Avec une masse de plus de 20 Tonnes, l&rsquo;ATV sera le chargement le plus lourd qu&rsquo;une fus\u00e9e Ariane 5 aura mis sur orbite<\/p>\n","protected":false},"author":3,"featured_media":6063,"comment_status":"open","ping_status":"closed","sticky":false,"template":"","format":"standard","meta":{"footnotes":""},"categories":[196],"tags":[229,230,236,290,348,378,411,921],"class_list":["post-1241","post","type-post","status-publish","format-standard","has-post-thumbnail","hentry","category-lancements","tag-ariane-5","tag-arianespace","tag-atv","tag-cnes","tag-esa","tag-fusee","tag-kourou","tag-lancements"],"jetpack_featured_media_url":"https:\/\/spacetux.org\/cpamoa\/wp-content\/uploads\/2012\/03\/20120322-Ariane-5-transportant-ATV3.jpg","jetpack_shortlink":"https:\/\/wp.me\/p4aZXT-k1","_links":{"self":[{"href":"https:\/\/spacetux.org\/cpamoa\/wp-json\/wp\/v2\/posts\/1241","targetHints":{"allow":["GET"]}}],"collection":[{"href":"https:\/\/spacetux.org\/cpamoa\/wp-json\/wp\/v2\/posts"}],"about":[{"href":"https:\/\/spacetux.org\/cpamoa\/wp-json\/wp\/v2\/types\/post"}],"author":[{"embeddable":true,"href":"https:\/\/spacetux.org\/cpamoa\/wp-json\/wp\/v2\/users\/3"}],"replies":[{"embeddable":true,"href":"https:\/\/spacetux.org\/cpamoa\/wp-json\/wp\/v2\/comments?post=1241"}],"version-history":[{"count":4,"href":"https:\/\/spacetux.org\/cpamoa\/wp-json\/wp\/v2\/posts\/1241\/revisions"}],"predecessor-version":[{"id":6065,"href":"https:\/\/spacetux.org\/cpamoa\/wp-json\/wp\/v2\/posts\/1241\/revisions\/6065"}],"wp:featuredmedia":[{"embeddable":true,"href":"https:\/\/spacetux.org\/cpamoa\/wp-json\/wp\/v2\/media\/6063"}],"wp:attachment":[{"href":"https:\/\/spacetux.org\/cpamoa\/wp-json\/wp\/v2\/media?parent=1241"}],"wp:term":[{"taxonomy":"category","embeddable":true,"href":"https:\/\/spacetux.org\/cpamoa\/wp-json\/wp\/v2\/categories?post=1241"},{"taxonomy":"post_tag","embeddable":true,"href":"https:\/\/spacetux.org\/cpamoa\/wp-json\/wp\/v2\/tags?post=1241"}],"curies":[{"name":"wp","href":"https:\/\/api.w.org\/{rel}","templated":true}]}}