{"id":1779,"date":"2012-07-03T16:12:21","date_gmt":"2012-07-03T14:12:21","guid":{"rendered":"https:\/\/spacetux.org\/cpamoa\/?p=1779"},"modified":"2014-01-08T09:42:37","modified_gmt":"2014-01-08T08:42:37","slug":"bienvenue-andre","status":"publish","type":"post","link":"https:\/\/spacetux.org\/cpamoa\/2012\/07\/bienvenue-andre\/","title":{"rendered":"Bienvenue Andr\u00e9 !"},"content":{"rendered":"<div id=\"attachment_5572\" style=\"width: 310px\" class=\"wp-caption alignleft\"><a href=\"https:\/\/spacetux.org\/cpamoa\/2012\/07\/bienvenue-andre\/20120703-andre-kuipers-de-retour-sur-terre\/\" rel=\"attachment wp-att-5572\"><img decoding=\"async\" aria-describedby=\"caption-attachment-5572\" class=\" wp-image-5572 \" alt=\"Andr\u00e9 Kuipers de retour sur la Terre ferme \" src=\"https:\/\/spacetux.org\/cpamoa\/wp-content\/uploads\/2012\/07\/20120703-Andre-Kuipers-de-retour-sur-terre.jpg\" width=\"300\" \/><\/a><p id=\"caption-attachment-5572\" class=\"wp-caption-text\">Andr\u00e9 Kuipers de retour sur la Terre ferme (credit : NASA\/Bill Ingalls)<\/p><\/div>\n<p>Apr\u00e8s Shenzhou-9 c&rsquo;est au tour d&rsquo;une capsule Soyuz (TMA-03M) d&rsquo;avoir touch\u00e9 le sol Kazakh dimanche 1er juillet \u00e0 10h14 (CEST) avec \u00e0 son bord, <a title=\"Oleg Kononenko sur Wikipedia en Fran\u00e7ais\" href=\"http:\/\/fr.wikipedia.org\/wiki\/Oleg_Kononenko\" target=\"_blank\">Oleg Kononenko<\/a> le Russe, <a title=\"Don Pettit sur Wikipedia en Fran\u00e7ais\" href=\"http:\/\/fr.wikipedia.org\/wiki\/Donald_Pettit\" target=\"_blank\">Don Pettit<\/a> l&rsquo;Am\u00e9ricain et <a title=\"Andr\u00e9 Kuipers sur Wikipedia en Fran\u00e7ais\" href=\"http:\/\/fr.wikipedia.org\/wiki\/Andr%C3%A9_Kuipers\" target=\"_blank\">Andr\u00e9 Kuipers<\/a> l&rsquo;astronaute N\u00e9\u00e9rlandais de l&rsquo;ESA. Ceux-ci ont pass\u00e9 pr\u00e8s de 193 jours dans l&rsquo;espace dont 191 jours \u00e0 bord de la station spatiale internationale et cela n&rsquo;a pas \u00e9t\u00e9 facile pour eux de retrouver la gravit\u00e9 terrestre. Au cours de<a title=\"Interview d'Andr\u00e9 Kuipers quelques heures apr\u00e8s son retour sur terre\" href=\"http:\/\/youtu.be\/j3scLxYeskg?t=7m51s\"> l&rsquo;interview qui a suivi son retour<\/a>, Andr\u00e9 Kuipers a avou\u00e9 se sentir tr\u00e8s faible et \u00eatre en moins grande forme que lors de son premier vol. Il a du mal \u00e0 marcher. \u00ab\u00a0Je dois r\u00e9apprendre \u00e0 marcher depuis le d\u00e9but\u00a0\u00bb a-t-il dit. Mais malgr\u00e9 tout il garde le sourire et est content que tout se soit d\u00e9roul\u00e9 de fa\u00e7on nominale.<\/p>\n<p>Voici une vid\u00e9o qui reprend les moments cl\u00e9s du retour des trois astronautes :<\/p>\n<p><iframe loading=\"lazy\" width=\"560\" height=\"315\" src=\"\/\/www.youtube.com\/embed\/R2pc8B8vXFo\" frameborder=\"0\" allowfullscreen><\/iframe><br \/>\nLe retour d&rsquo;astronautes sur terre marque la fin d&rsquo;une exp\u00e9dition et le d\u00e9but d&rsquo;une nouvelle. C&rsquo;est ainsi que <a title=\"Oleg Kononenko sur Wikipedia\" href=\"http:\/\/fr.wikipedia.org\/wiki\/Oleg_Kononenko\" target=\"_blank\">Oleg Kononenko<\/a>, commandant de la Station Spatiale pour l&rsquo;Expedition 31 a laiss\u00e9 sa place \u00e0 son coll\u00e8gue Russe <a title=\"Gennady Padalka sur Wikipedia en fran\u00e7ais\" href=\"http:\/\/fr.wikipedia.org\/wiki\/Guennadi_Padalka\" target=\"_blank\">Gennady Padalka<\/a>, qui va prendre les r\u00eanes de l&rsquo;Exp\u00e9dition 32 en tant que commandant. Ceci a \u00e9t\u00e9 officialis\u00e9 le 29 juin au cours d&rsquo;une <a title=\"Vid\u00e9o sur Youtube\" href=\"http:\/\/www.youtube.com\/watch?v=ztHfT4if35c\" target=\"_blank\">c\u00e9r\u00e9monie de passation de pouvoir<\/a>. Les deux autres astronautes restant \u00e0 bord de l&rsquo;ISS sont <a title=\"Joe Acaba sur Wikipedia en Fran\u00e7ais\" href=\"http:\/\/fr.wikipedia.org\/wiki\/Joseph_Acaba\" target=\"_blank\">Joe Acaba<\/a>, l&rsquo;astronaute am\u00e9ricain et <a title=\"Sergue\u00ef Revin sur Wikipedia en Fran\u00e7ais\" href=\"http:\/\/fr.wikipedia.org\/wiki\/Sergue%C3%AF_Revine\" target=\"_blank\">Sergue\u00ef Revin<\/a> le cosmonaute Russe. Ils seront rejoints par Sunita Wiliams (NASA), Yuri Malenchenko (Roscosmos) et Akihido Hoshide (JAXA) dont le d\u00e9collage de Ba\u00efkonour est pr\u00e9vu le 15 juillet \u00e0 4:40 (CEST).<\/p>\n<p>Quelques heures avant le d\u00e9part, les astronautes ont regagn\u00e9 l&rsquo;int\u00e9rieur du Soyouz et les sas de communication entre les deux vaisseaux ont pu \u00eatre ferm\u00e9s herm\u00e9tiquement. (Voir la vid\u00e9o <a title=\"Vid\u00e9o Youtube\" href=\"http:\/\/www.youtube.com\/watch?v=EOjiwyks8So\" target=\"_blank\">ici<\/a>)<\/p>\n<p>Puis le vaisseau s&rsquo;est d\u00e9samarr\u00e9 de la Station Spatiale et a d\u00e9but\u00e9 son voyage de retour vers la Terre. Et tout ceci se d\u00e9roulant, dois-je le rappeler, \u00e0 environ 27000km\/h et 350km au dessus de notre t\u00eate.<br \/>\n<iframe loading=\"lazy\" width=\"560\" height=\"315\" src=\"\/\/www.youtube.com\/embed\/2UQcK2xG570\" frameborder=\"0\" allowfullscreen><\/iframe><\/p>\n<p><strong>Lien suppl\u00e9mentaire : <\/strong><\/p>\n<p><a href=\"http:\/\/www.youtube.com\/watch?v=N2d9IZKKVnw\">La vid\u00e9o compl\u00e8te du retour des astronautes<\/a><\/p>\n<p>&nbsp;<\/p>\n","protected":false},"excerpt":{"rendered":"<p>Apr\u00e8s Shenzhou-9 c&rsquo;est au tour d&rsquo;une capsule Soyuz (TMA-03M) d&rsquo;avoir touch\u00e9 le sol Kazakh dimanche 1er juillet \u00e0 10h14 (CEST) avec \u00e0 son bord, Oleg Kononenko le Russe, Don Pettit l&rsquo;Am\u00e9ricain et Andr\u00e9 Kuipers l&rsquo;astronaute N\u00e9\u00e9rlandais de l&rsquo;ESA. Ceux-ci ont pass\u00e9 pr\u00e8s de 193 jours dans l&rsquo;espace dont 191 jours \u00e0 bord de la station spatiale internationale et cela n&rsquo;a pas \u00e9t\u00e9 facile pour eux de retrouver la gravit\u00e9 terrestre. Au cours de l&rsquo;interview qui a suivi son retour, Andr\u00e9<\/p>\n","protected":false},"author":3,"featured_media":5572,"comment_status":"open","ping_status":"closed","sticky":false,"template":"","format":"standard","meta":{"footnotes":""},"categories":[189],"tags":[348,453,532,563,611],"class_list":["post-1779","post","type-post","status-publish","format-standard","has-post-thumbnail","hentry","category-atterrissages","tag-esa","tag-nasa","tag-roskosmos","tag-soyouz","tag-video"],"jetpack_featured_media_url":"https:\/\/spacetux.org\/cpamoa\/wp-content\/uploads\/2012\/07\/20120703-Andre-Kuipers-de-retour-sur-terre.jpg","jetpack_shortlink":"https:\/\/wp.me\/p4aZXT-sH","_links":{"self":[{"href":"https:\/\/spacetux.org\/cpamoa\/wp-json\/wp\/v2\/posts\/1779","targetHints":{"allow":["GET"]}}],"collection":[{"href":"https:\/\/spacetux.org\/cpamoa\/wp-json\/wp\/v2\/posts"}],"about":[{"href":"https:\/\/spacetux.org\/cpamoa\/wp-json\/wp\/v2\/types\/post"}],"author":[{"embeddable":true,"href":"https:\/\/spacetux.org\/cpamoa\/wp-json\/wp\/v2\/users\/3"}],"replies":[{"embeddable":true,"href":"https:\/\/spacetux.org\/cpamoa\/wp-json\/wp\/v2\/comments?post=1779"}],"version-history":[{"count":6,"href":"https:\/\/spacetux.org\/cpamoa\/wp-json\/wp\/v2\/posts\/1779\/revisions"}],"predecessor-version":[{"id":5976,"href":"https:\/\/spacetux.org\/cpamoa\/wp-json\/wp\/v2\/posts\/1779\/revisions\/5976"}],"wp:featuredmedia":[{"embeddable":true,"href":"https:\/\/spacetux.org\/cpamoa\/wp-json\/wp\/v2\/media\/5572"}],"wp:attachment":[{"href":"https:\/\/spacetux.org\/cpamoa\/wp-json\/wp\/v2\/media?parent=1779"}],"wp:term":[{"taxonomy":"category","embeddable":true,"href":"https:\/\/spacetux.org\/cpamoa\/wp-json\/wp\/v2\/categories?post=1779"},{"taxonomy":"post_tag","embeddable":true,"href":"https:\/\/spacetux.org\/cpamoa\/wp-json\/wp\/v2\/tags?post=1779"}],"curies":[{"name":"wp","href":"https:\/\/api.w.org\/{rel}","templated":true}]}}