{"id":2167,"date":"2013-02-20T10:05:34","date_gmt":"2013-02-20T08:05:34","guid":{"rendered":"https:\/\/spacetux.org\/cpamoa\/?p=2167"},"modified":"2013-12-15T11:32:21","modified_gmt":"2013-12-15T10:32:21","slug":"auroratweetup-premier-jour","status":"publish","type":"post","link":"https:\/\/spacetux.org\/cpamoa\/2013\/02\/auroratweetup-premier-jour\/","title":{"rendered":"AuroraTweetup : Premier jour !"},"content":{"rendered":"<p>&nbsp;<\/p>\n<p>Aurores bor\u00e9ales. Rien que ce mot me faisait r\u00eaver. J&rsquo;avais d\u00e9j\u00e0 vu ces lumi\u00e8res en photo : vertes, parfois un peu rouges ou bleues. Je les avais vues \u00e9galement sous forme de vid\u00e9os timelapse, prises <a title=\"Timelapse sur Vimeo\" href=\"http:\/\/vimeo.com\/16917950\" target=\"_blank\">depuis le sol<\/a>, mais \u00e9galement <a href=\"http:\/\/www.youtube.com\/watch?v=YmKZSvlWVkA\" target=\"_blank\">depuis la Station Spatiale Internationale<\/a>. Mais les voir \u00e0 l&rsquo;oeil nu a \u00e9t\u00e9 incroyable. J&rsquo;ai pu vivre cette exp\u00e9rience au cours d&rsquo;un voyage r\u00e9alis\u00e9 en Finlande entre le 6 et le 10 f\u00e9vrier 2013.<\/p>\n<p>Tout est venu d&rsquo;une id\u00e9e lanc\u00e9e par <a href=\"https:\/\/twitter.com\/timmermansr\">Remco<\/a>, il y a plus d&rsquo;un an de cela. Habitu\u00e9 des exp\u00e9ditions arctiques \u00a0(c&rsquo;est son m\u00e9tier : emmener des personnes passer quelques jours sous des hautes latitudes gr\u00e2ce \u00e0 sa soci\u00e9t\u00e9 <a href=\"http:\/\/www.expeditionfactory.com\/english\/home\">Expedition Factory<\/a>), il a organis\u00e9 avec l&rsquo;aide de <a href=\"https:\/\/twitter.com\/martincco\">Martin<\/a>, passionn\u00e9 d&rsquo;astrophotographie, un s\u00e9jour en Finlande pour 20 personnes. Remco et Martin \u00e9tant tr\u00e8s actifs sur twitter, ils ont baptis\u00e9 ce voyage Auroratweetup.<\/p>\n<p>L&rsquo;ann\u00e9e 2012 est pass\u00e9e tranquillement, et le mois de f\u00e9vrier est arriv\u00e9. j&rsquo;avais deux appr\u00e9hensions : la premi\u00e8re \u00e9tait que le ciel soit couvert et que nous ne puissions rien voir. La seconde \u00e9tait que m\u00eame si le ciel \u00e9tait d\u00e9couvert, il n&rsquo;y ait pas <a href=\"http:\/\/fr.wikipedia.org\/wiki\/%C3%89jection_de_masse_coronale\">d&rsquo;\u00e9jections de masse coronale<\/a> (CME) venant du soleil et donc qu&rsquo;il n&rsquo;y ait pas d&rsquo;aurores. Ce que je ne savais pas alors, c&rsquo;est que m\u00eame sans les CME, le <a href=\"http:\/\/fr.wikipedia.org\/wiki\/Vent_solaire\">vent solaire<\/a> suffit \u00e0 cr\u00e9er des aurores, certes pas aussi spectaculaires, mais tout de m\u00eame.<\/p>\n<div id=\"attachment_2170\" style=\"width: 194px\" class=\"wp-caption alignleft\"><a href=\"https:\/\/maps.google.fr\/maps?q=nellim&amp;hl=en&amp;ll=64.923542,31.157227&amp;spn=18.613294,67.631836&amp;sll=68.856088,28.164825&amp;sspn=0.487935,2.113495&amp;t=m&amp;hnear=Nellim,+Finland&amp;z=5\"><img loading=\"lazy\" decoding=\"async\" aria-describedby=\"caption-attachment-2170\" class=\"size-full wp-image-2170    \" title=\"Carte Finlande\" alt=\"\" src=\"https:\/\/spacetux.org\/cpamoa\/wp-content\/uploads\/2013\/02\/blog_carte_finlande.jpg\" width=\"184\" height=\"206\" \/><\/a><p id=\"caption-attachment-2170\" class=\"wp-caption-text\">Emplacement de Nellim, 250km au nord du cercle Arctique (clickez sur l&rsquo;image)<\/p><\/div>\n<p>Le lieu de notre s\u00e9jour c&rsquo;est\u00a0<a href=\"http:\/\/en.wikipedia.org\/wiki\/Nellim\">Nellim<\/a>, petit village du nord de la Finlande (\u00e0 250km au nord du cercle polaire arctique) sur les rives du lac Inari \u00e0 une quarantaine de kilom\u00e8tres d&rsquo;Ivalo, la ville la plus proche o\u00f9 se situe l&rsquo;a\u00e9roport. C&rsquo;est un endroit sauvage et recul\u00e9. Un seul h\u00f4tel au milieu des sapins enneig\u00e9s, un habitat dispers\u00e9, cela ajoute encore plus de charme et de magie au s\u00e9jour.<\/p>\n<p>Nous \u00e9tions huit du groupe \u00e0 arriver un jour avant la date officielle. Nous avons ainsi pu profiter d&rsquo;une soir\u00e9e et d&rsquo;une journ\u00e9e suppl\u00e9mentaire. Contrairement \u00e0 ce qu&rsquo;annon\u00e7ait mon application m\u00e9t\u00e9o, le ciel \u00e9tait totalement d\u00e9gag\u00e9 lorsque nous avons atterris sur le tarmac gel\u00e9 de l&rsquo;a\u00e9roport d&rsquo;Ivalo. Il faisait nuit, il \u00e9tait 17h15 et il faisait d\u00e9j\u00e0 froid (environ -22\u00b0C).<\/p>\n<div id=\"attachment_2172\" style=\"width: 279px\" class=\"wp-caption alignright\"><a href=\"https:\/\/spacetux.org\/cpamoa\/wp-content\/uploads\/2013\/02\/IMG_4575.jpg\"><img loading=\"lazy\" decoding=\"async\" aria-describedby=\"caption-attachment-2172\" class=\"size-full wp-image-2172 \" title=\"IMG_4575\" alt=\"\" src=\"https:\/\/spacetux.org\/cpamoa\/wp-content\/uploads\/2013\/02\/IMG_4575.jpg\" width=\"269\" height=\"201\" \/><\/a><p id=\"caption-attachment-2172\" class=\"wp-caption-text\">Nous profitons de la chaleur de la salle de restaurant de\u00a0l\u2019h\u00f4tel\u00a0: +22C \u00e0 l&rsquo;int\u00e9rieur, -22C \u00e0 l&rsquo;ext\u00e9rieur<\/p><\/div>\n<p>&nbsp;<\/p>\n<p>Regonfl\u00e9e par la vision de ce ciel rempli d&rsquo;\u00e9toiles, je retrouve Martin et le reste du groupe \u00e0 l&rsquo;a\u00e9roport et c&rsquo;est en bus que nous parcourons la distance entre Ivalo et Nellim. Les routes sont gel\u00e9es, enneig\u00e9es, mais \u00e7a ne g\u00eane pas le conducteur qui conduit \u00e0 80km\/h, nous faisant faire des petits sauts sur nos si\u00e8ges \u00e0 chaque bosse sur la route. Nous sommes un peu inquiets, mais nous arrivons \u00e0 bon port. Nous nous installons dans l&rsquo;appartement que nous partageons \u00e0 six puis nous rejoignons la salle de restaurant pour un repas bien m\u00e9rit\u00e9.<\/p>\n<p>&nbsp;<\/p>\n<div id=\"attachment_5296\" style=\"width: 310px\" class=\"wp-caption alignleft\"><a href=\"https:\/\/spacetux.org\/cpamoa\/wp-content\/uploads\/2013\/02\/20130220-Premier-soir-Auroratweetup.jpg\"><img decoding=\"async\" aria-describedby=\"caption-attachment-5296\" class=\" wp-image-5296  \" title=\"Lac Inari le 1er soir\" alt=\"Premier soir Auroratweetup\" src=\"https:\/\/spacetux.org\/cpamoa\/wp-content\/uploads\/2013\/02\/20130220-Premier-soir-Auroratweetup.jpg\" width=\"300\" \/><\/a><p id=\"caption-attachment-5296\" class=\"wp-caption-text\">Lac Inari le 1er soir. Les nuages ne nous laissent pas beaucoup d&rsquo;espoir. Les lumi\u00e8res de rue sont encore allum\u00e9es, d&rsquo;o\u00f9 la couleur orang\u00e9e.<\/p><\/div>\n<p style=\"text-align: left;\">Nous d\u00e9cidons de rentrer au chaud dans le restaurant de l&rsquo;h\u00f4tel et de retenter notre chance un peu plus tard dans la soir\u00e9e. A noter que le restaurant \u00e9tant le seul endroit de l&rsquo;h\u00f4tel \u00e0 proposer du Wifi (gratuit), cela deviendra notre QG \u00e0 tous, parfois au grand malheur des serveuses qui auraient bien voulu que nous\u00a0lib\u00e9rerions\u00a0les tables pour le d\u00e9jeuner ou le\u00a0d\u00eener.<\/p>\n<p>Apr\u00e8s s&rsquo;\u00eatre r\u00e9chauff\u00e9, mon mari d\u00e9cide de ressortir. Je reste encore avec le reste de la troupe. Il fait chaud, on se d\u00e9tend dans les fauteuils, sirotant des boissons et parlant de choses et d&rsquo;autres. Mais \u00e7a me d\u00e9mange de ressortir, je crains de manquer quelque chose. C&rsquo;est donc arm\u00e9e de la lampe-torche de mon iPhone que je le rejoins au bord du lac. Entre temps les lampes de rues se sont \u00e9teintes, la nuit est donc noire&#8230;. et claire ! Les nuages ont disparus. Tous ? Non, un nuage de couleur gris-blanc qui s&rsquo;\u00e9tend au dessus du lac persiste. Il me dit qu&rsquo;il s&rsquo;agit d&rsquo;une Aurore. Moi qui m&rsquo;attendais \u00e0 quelque chose de vert bien lumineux comme on les voit sur les photos, j&rsquo;ai du mal \u00e0 le croire. En plus c&rsquo;est statique, aucun mouvement apparent. Il me montre une photo qu&rsquo;il vient de prendre et&#8230; oh miracle&#8230;<\/p>\n<div id=\"attachment_5297\" style=\"width: 650px\" class=\"wp-caption aligncenter\"><a href=\"https:\/\/spacetux.org\/cpamoa\/wp-content\/uploads\/2013\/02\/20130220-Premiere-aurore.jpg\"><img decoding=\"async\" aria-describedby=\"caption-attachment-5297\" class=\" wp-image-5297 \" alt=\"Premiere aurore\" src=\"https:\/\/spacetux.org\/cpamoa\/wp-content\/uploads\/2013\/02\/20130220-Premiere-aurore.jpg\" width=\"640\" \/><\/a><p id=\"caption-attachment-5297\" class=\"wp-caption-text\">La premi\u00e8re aurore du s\u00e9jour &#8211; Nuit du 6 au 7 f\u00e9vrier 2013<\/p><\/div>\n<p style=\"text-align: left;\">Il s&rsquo;agissait bien d&rsquo;une aurore bor\u00e9ale. Elle est tr\u00e8s p\u00e2le. On a vraiment l&rsquo;impression d&rsquo;observer un nuage ou un peu de brume dans le ciel. C&rsquo;est uniquement la longue dur\u00e9e d&rsquo;exposition qui permet de capter la couleur verte. Je comprends mieux maintenant pourquoi on ne peut les voir que s&rsquo;il n&rsquo;y a pas de pollution lumineuse. En tout cas les plus p\u00e2les d&rsquo;entre elles. Je sors mon appareil photo (un hybride qui n&rsquo;est pas tr\u00e8s adapt\u00e9 pour les photos de nuit, mais je voulais avoir mes propres clich\u00e9s) et commence \u00e0 photographier \u00e9galement. C&rsquo;est magique de voir les photos r\u00e9v\u00e9ler la couleur des aurores. Le reste du groupe nous rejoint peu de temps apr\u00e8s. On est tous enthousiastes. Un peu hilares m\u00eame. Nous nous sommes un peu \u00e9loign\u00e9s vers l&rsquo;int\u00e9rieur du lac et nous entendons les autres rires. Ils doivent \u00eatre entrain de faire des photos amusantes. Nous nous aventurons \u00e0 nous prendre nous-m\u00eame en photo.<\/p>\n<div id=\"attachment_5298\" style=\"width: 310px\" class=\"wp-caption alignleft\"><a href=\"https:\/\/spacetux.org\/cpamoa\/wp-content\/uploads\/2013\/02\/20130220-Remco-sous-les-aurores.jpg\"><img decoding=\"async\" aria-describedby=\"caption-attachment-5298\" class=\" wp-image-5298 \" alt=\"Remco sous le ciel \u00e9toil\u00e9 de Laponie\" src=\"https:\/\/spacetux.org\/cpamoa\/wp-content\/uploads\/2013\/02\/20130220-Remco-sous-les-aurores.jpg\" width=\"300\" \/><\/a><p id=\"caption-attachment-5298\" class=\"wp-caption-text\">Remco sous le ciel \u00e9toil\u00e9 de Laponie<\/p><\/div>\n<p>&nbsp;<\/p>\n<p>Je pr\u00e9cise pour ceux qui n&rsquo;y connaissent rien en photographie (un peu comme moi donc), qu&rsquo;il ne faut pas bouger pendant toute la dur\u00e9e de l&rsquo;exposition, dans ce cas-l\u00e0 30 secondes, sous peine d&rsquo;\u00eatre flou ou voire m\u00eame appara\u00eetre comme un fant\u00f4me sur la photo (voir <a href=\"http:\/\/farm9.staticflickr.com\/8390\/8466538878_6bed374e28_b.jpg\" target=\"_blank\">ici <\/a>pour un exemple de bras boug\u00e9s)<\/p>\n<p>&nbsp;<\/p>\n<p>&nbsp;<\/p>\n<p>Ce soir-l\u00e0, \u00e0 chaque fois que nous voulions rentrer, nous apercevions une aurore un peu plus brillante que les autres. L&rsquo;intensit\u00e9 est all\u00e9e croissante tout au long des deux heures que nous avons pass\u00e9es dehors.<\/p>\n<div id=\"attachment_5295\" style=\"width: 310px\" class=\"wp-caption alignright\"><a href=\"https:\/\/spacetux.org\/cpamoa\/wp-content\/uploads\/2013\/02\/20130220-Double-rideau-daurore.jpg\"><img loading=\"lazy\" decoding=\"async\" aria-describedby=\"caption-attachment-5295\" class=\" wp-image-5295 \" title=\"Double rideau d'aurore\" alt=\"Double rideau d'aurore\" src=\"https:\/\/spacetux.org\/cpamoa\/wp-content\/uploads\/2013\/02\/20130220-Double-rideau-daurore.jpg\" width=\"300\" height=\"427\" \/><\/a><p id=\"caption-attachment-5295\" class=\"wp-caption-text\">La plus belle aurore de la soir\u00e9e, mais loin d&rsquo;\u00eatre la plus belle du s\u00e9jour. Jupiter et les pleiades sont tr\u00e8s visibles.<\/p><\/div>\n<p>Voici l&rsquo;une des derni\u00e8res photos prises avant de finalement renoncer \u00e0 rester plus longtemps dehors. Apr\u00e8s deux heures par -25\u00b0C (\u00e0 vue de nez), les orteils et les doigts \u00e9taient devenus douloureux, mais le reste du corps \u00e7a allait. Ce sont vraiment les extr\u00e9mit\u00e9s qui \u00e9taient notre point faible \u00e0 tous.<\/p>\n<p>De retour dans l&rsquo;appartement (le restaurant fermant \u00e0 1h du matin, plus de Wifi pour la soir\u00e9e ! Dur ! :D) nous avons encore parcouru pendant 1h nos photos avant de finalement aller nous coucher vers 3h du matin.<\/p>\n<p>&nbsp;<\/p>\n<p>Suite au prochain \u00e9pisode ! \ud83d\ude42<\/p>\n<p>Et pour en savoir un peu plus sur les aurores bor\u00e9ales, je vous invite \u00e0 consulter <a href=\"http:\/\/www.banditdenuit.com\/apropos22.htm\">ce site en fran\u00e7ais d&rsquo;un photographe qu\u00e9b\u00e9cois<\/a><\/p>\n<p>&nbsp;<\/p>\n<p>&nbsp;<\/p>\n","protected":false},"excerpt":{"rendered":"<p>&nbsp; Aurores bor\u00e9ales. Rien que ce mot me faisait r\u00eaver. J&rsquo;avais d\u00e9j\u00e0 vu ces lumi\u00e8res en photo : vertes, parfois un peu rouges ou bleues. Je les avais vues \u00e9galement sous forme de vid\u00e9os timelapse, prises depuis le sol, mais \u00e9galement depuis la Station Spatiale Internationale. Mais les voir \u00e0 l&rsquo;oeil nu a \u00e9t\u00e9 incroyable. J&rsquo;ai pu vivre cette exp\u00e9rience au cours d&rsquo;un voyage r\u00e9alis\u00e9 en Finlande entre le 6 et le 10 f\u00e9vrier 2013. Tout est venu d&rsquo;une id\u00e9e<\/p>\n","protected":false},"author":3,"featured_media":5295,"comment_status":"open","ping_status":"closed","sticky":false,"template":"","format":"standard","meta":{"footnotes":""},"categories":[205],"tags":[242,373,391,457],"class_list":["post-2167","post","type-post","status-publish","format-standard","has-post-thumbnail","hentry","category-tweetup-2","tag-aurores-boreales","tag-finlande","tag-inari","tag-nellim"],"jetpack_featured_media_url":"https:\/\/spacetux.org\/cpamoa\/wp-content\/uploads\/2013\/02\/20130220-Double-rideau-daurore.jpg","jetpack_shortlink":"https:\/\/wp.me\/p4aZXT-yX","_links":{"self":[{"href":"https:\/\/spacetux.org\/cpamoa\/wp-json\/wp\/v2\/posts\/2167","targetHints":{"allow":["GET"]}}],"collection":[{"href":"https:\/\/spacetux.org\/cpamoa\/wp-json\/wp\/v2\/posts"}],"about":[{"href":"https:\/\/spacetux.org\/cpamoa\/wp-json\/wp\/v2\/types\/post"}],"author":[{"embeddable":true,"href":"https:\/\/spacetux.org\/cpamoa\/wp-json\/wp\/v2\/users\/3"}],"replies":[{"embeddable":true,"href":"https:\/\/spacetux.org\/cpamoa\/wp-json\/wp\/v2\/comments?post=2167"}],"version-history":[{"count":3,"href":"https:\/\/spacetux.org\/cpamoa\/wp-json\/wp\/v2\/posts\/2167\/revisions"}],"predecessor-version":[{"id":5300,"href":"https:\/\/spacetux.org\/cpamoa\/wp-json\/wp\/v2\/posts\/2167\/revisions\/5300"}],"wp:featuredmedia":[{"embeddable":true,"href":"https:\/\/spacetux.org\/cpamoa\/wp-json\/wp\/v2\/media\/5295"}],"wp:attachment":[{"href":"https:\/\/spacetux.org\/cpamoa\/wp-json\/wp\/v2\/media?parent=2167"}],"wp:term":[{"taxonomy":"category","embeddable":true,"href":"https:\/\/spacetux.org\/cpamoa\/wp-json\/wp\/v2\/categories?post=2167"},{"taxonomy":"post_tag","embeddable":true,"href":"https:\/\/spacetux.org\/cpamoa\/wp-json\/wp\/v2\/tags?post=2167"}],"curies":[{"name":"wp","href":"https:\/\/api.w.org\/{rel}","templated":true}]}}