{"id":3326,"date":"2013-09-18T11:45:56","date_gmt":"2013-09-18T09:45:56","guid":{"rendered":"https:\/\/spacetux.org\/cpamoa\/?p=3326"},"modified":"2014-01-08T09:02:26","modified_gmt":"2014-01-08T08:02:26","slug":"l-480-decalage-du-sommeil-et-forme-physique","status":"publish","type":"post","link":"https:\/\/spacetux.org\/cpamoa\/2013\/09\/l-480-decalage-du-sommeil-et-forme-physique\/","title":{"rendered":"L-480 : D\u00e9calage du sommeil et forme physique"},"content":{"rendered":"<p><strong>L-480 : Jeudi 8 Ao\u00fbt 2013<\/strong><\/p>\n<p>L&rsquo;entra\u00eenement d&rsquo;aujourd&rsquo;hui semble \u00eatre concentr\u00e9 non pas tant sur le cot\u00e9 technique, mais plut\u00f4t sur certains aspects du bon fonctionnement en tant qu&rsquo;\u00eatre humain, \u00e0 la fois au sol et \u00e0 bord de l&rsquo;ISS.<\/p>\n<div id=\"attachment_3328\" style=\"width: 326px\" class=\"wp-caption alignright\"><a href=\"https:\/\/spacetux.org\/cpamoa\/wp-content\/uploads\/2013\/09\/L-480-iss036e008241.jpg\"><img loading=\"lazy\" decoding=\"async\" aria-describedby=\"caption-attachment-3328\" class=\"size-full wp-image-3328 \" style=\"margin-left: 10px; margin-right: 10px;\" alt=\"\" src=\"https:\/\/spacetux.org\/cpamoa\/wp-content\/uploads\/2013\/09\/L-480-iss036e008241.jpg\" width=\"316\" height=\"476\" \/><\/a><p id=\"caption-attachment-3328\" class=\"wp-caption-text\">Cr\u00e9dits : NASA<\/p><\/div>\n<p>Je vais d\u00e9marrer ma journ\u00e9e dans quelques minutes avec le tr\u00e8s attendu expos\u00e9 sur le d\u00e9calage du sommeil. Notre sommeil est beaucoup d\u00e9cal\u00e9 pendant l&rsquo;entra\u00eenement, \u00e0 cause de tous les voyages entre les lieux d&rsquo;entra\u00eenement dans les diff\u00e9rents continents, mais aussi en orbite, typiquement pour assister l&rsquo;arriv\u00e9e de nouveaux membres d&rsquo;\u00e9quipage ou de v\u00e9hicules de ravitaillement.<\/p>\n<p>La cl\u00e9 dans le d\u00e9calage du sommeil est bien entendu&#8230; le sommeil. C&rsquo;est bien que mon prochain cours porte sur les quartiers de l&rsquo;\u00e9quipage \u00e0 bord de l&rsquo;ISS. Sur la photo vous pouvez voir mon coll\u00e8gue Shenanigan Luca Parmitano entrain de dormir dans ses quartiers en orbite !<\/p>\n<p>Puis j&rsquo;aurai un cours rapide mettant en lumi\u00e8re les proc\u00e9dures \u00e0 suivre par les \u00e9quipages pour t\u00e9l\u00e9charger les photos personnelles et les vid\u00e9os \u00e0 partir de l&rsquo;ISS. Rien n&rsquo;est jamais perdu, mais suivre certaines proc\u00e9dures garantit que vous obtiendrez le retour de certain mat\u00e9riel plus rapidement lorsque vous retournerez sur terre, par exemple pour l&rsquo;utiliser pour des pr\u00e9sentations post-vol.<\/p>\n<p>Dans l&rsquo;apr\u00e8s-midi, cours sur L&rsquo;\u00e9valuation p\u00e9riodique de la forme physique que nous faisons en orbite. Et enfin, un cours suppl\u00e9mentaire sur la R\u00e9animation Cardio-Pulmonaire (Cardio-Pulmonary Resuscitation (CPR)).<\/p>\n<p>&nbsp;<\/p>\n<pre><em>Cette note est la suite d\u2019une longue s\u00e9rie de notes de Samantha Cristoforetti qui a entrepris l\u2019\u00e9criture d\u2019un journal de bord quotidien qui la m\u00e8nera au jour de son lancement, pour le moment pr\u00e9vu le 30 novembre 2014.<\/em><\/pre>\n<pre><em>La version anglaise (originale) peut \u00eatre consult\u00e9e sur\u00a0<a href=\"https:\/\/plus.google.com\/+SamanthaCristoforetti\/posts\/XKgau68cga9\" target=\"_blank\">son compte Google+<\/a>\u00a0et la traduction italienne sur le site\u00a0<a href=\"http:\/\/www.astronautinews.it\/2013\/08\/08\/l-480-dormire-e-essere-umani-nello-spazio\/\" target=\"_blank\">AstronautiNEWS<\/a>. Toutes les photos post\u00e9es sont sa propri\u00e9t\u00e9 et proviennent de son journal de bord sur son compte Google+.<\/em><\/pre>\n<p>&nbsp;<\/p>\n<p>&nbsp;<\/p>\n","protected":false},"excerpt":{"rendered":"<p>L-480 : Jeudi 8 Ao\u00fbt 2013 L&rsquo;entra\u00eenement d&rsquo;aujourd&rsquo;hui semble \u00eatre concentr\u00e9 non pas tant sur le cot\u00e9 technique, mais plut\u00f4t sur certains aspects du bon fonctionnement en tant qu&rsquo;\u00eatre humain, \u00e0 la fois au sol et \u00e0 bord de l&rsquo;ISS. Je vais d\u00e9marrer ma journ\u00e9e dans quelques minutes avec le tr\u00e8s attendu expos\u00e9 sur le d\u00e9calage du sommeil. Notre sommeil est beaucoup d\u00e9cal\u00e9 pendant l&rsquo;entra\u00eenement, \u00e0 cause de tous les voyages entre les lieux d&rsquo;entra\u00eenement dans les diff\u00e9rents continents, mais<\/p>\n","protected":false},"author":3,"featured_media":3328,"comment_status":"open","ping_status":"closed","sticky":false,"template":"","format":"standard","meta":{"footnotes":""},"categories":[195],"tags":[305,317,537,560],"class_list":["post-3326","post","type-post","status-publish","format-standard","has-post-thumbnail","hentry","category-logbook-samantha","tag-cpr","tag-decalage","tag-samantha-cristoforetti","tag-sommeil"],"jetpack_featured_media_url":"https:\/\/spacetux.org\/cpamoa\/wp-content\/uploads\/2013\/09\/L-480-iss036e008241.jpg","jetpack_shortlink":"https:\/\/wp.me\/p4aZXT-RE","_links":{"self":[{"href":"https:\/\/spacetux.org\/cpamoa\/wp-json\/wp\/v2\/posts\/3326","targetHints":{"allow":["GET"]}}],"collection":[{"href":"https:\/\/spacetux.org\/cpamoa\/wp-json\/wp\/v2\/posts"}],"about":[{"href":"https:\/\/spacetux.org\/cpamoa\/wp-json\/wp\/v2\/types\/post"}],"author":[{"embeddable":true,"href":"https:\/\/spacetux.org\/cpamoa\/wp-json\/wp\/v2\/users\/3"}],"replies":[{"embeddable":true,"href":"https:\/\/spacetux.org\/cpamoa\/wp-json\/wp\/v2\/comments?post=3326"}],"version-history":[{"count":2,"href":"https:\/\/spacetux.org\/cpamoa\/wp-json\/wp\/v2\/posts\/3326\/revisions"}],"predecessor-version":[{"id":5945,"href":"https:\/\/spacetux.org\/cpamoa\/wp-json\/wp\/v2\/posts\/3326\/revisions\/5945"}],"wp:featuredmedia":[{"embeddable":true,"href":"https:\/\/spacetux.org\/cpamoa\/wp-json\/wp\/v2\/media\/3328"}],"wp:attachment":[{"href":"https:\/\/spacetux.org\/cpamoa\/wp-json\/wp\/v2\/media?parent=3326"}],"wp:term":[{"taxonomy":"category","embeddable":true,"href":"https:\/\/spacetux.org\/cpamoa\/wp-json\/wp\/v2\/categories?post=3326"},{"taxonomy":"post_tag","embeddable":true,"href":"https:\/\/spacetux.org\/cpamoa\/wp-json\/wp\/v2\/tags?post=3326"}],"curies":[{"name":"wp","href":"https:\/\/api.w.org\/{rel}","templated":true}]}}