{"id":4372,"date":"2013-11-16T19:26:12","date_gmt":"2013-11-16T17:26:12","guid":{"rendered":"https:\/\/spacetux.org\/cpamoa\/?p=4372"},"modified":"2014-01-08T07:55:51","modified_gmt":"2014-01-08T06:55:51","slug":"l-380-de-retour-en-europe-et-bref-los-avant-plus-de-formations-atv","status":"publish","type":"post","link":"https:\/\/spacetux.org\/cpamoa\/2013\/11\/l-380-de-retour-en-europe-et-bref-los-avant-plus-de-formations-atv\/","title":{"rendered":"L-380 : De retour en Europe et bref LOS avant plus de formations ATV."},"content":{"rendered":"<p><strong>L-380 : Samedi 16 novembre 2013<\/strong><\/p>\n<p>Sympa d&rsquo;\u00eatre de retour \u00e0 la maison en Europe apr\u00e8s six semaines intenses d&rsquo;entra\u00eenement au Centre Spatial Johnson. Bien que les temp\u00e9ratures douces du Texas \u00e0 cette p\u00e9riode de l&rsquo;ann\u00e9e ne me d\u00e9rangent certainement pas.<\/p>\n<p>La semaine \u00e0 venir est sans formation &#8211; quelques jours de libres, puis quelques briefings, r\u00e9unions et t\u00e2ches administratives au Centre Europ\u00e9en des Astronautes.<\/p>\n<p>Je reprendrai la formation le 25 novembre avec ma seconde semaine ATV, en compagnie de mon co\u00e9quipier Sasha. L&#8217;emploi du temps n&rsquo;est pas encore d\u00e9finitif, mais il se pourrait bien que je sois \u00e0 bord de l&rsquo;ISS pour le d\u00e9part de notre dernier ATV, Georges Lema\u00eetre. Sur la photo vous pouvez voir le d\u00e9part r\u00e9cent de l&rsquo;ATV4 Albert Einstein.<\/p>\n<p>Jusqu&rsquo;\u00e0 ce que je reprenne la formation, ce journal sera LOS*. On se revoit de l&rsquo;autre c\u00f4t\u00e9 !<\/p>\n<p>*Si LOS ne vous parle pas, <a title=\"L-464 : On se revoit de l\u2019autre cot\u00e9 !\" href=\"https:\/\/spacetux.org\/cpamoa\/2013\/09\/l-464-on-se-revoit-de-lautre-cote\">voyez ici<\/a>.<\/p>\n<div id=\"attachment_4373\" style=\"width: 608px\" class=\"wp-caption aligncenter\"><a href=\"https:\/\/spacetux.org\/cpamoa\/wp-content\/uploads\/2013\/11\/L-380-10589402143_16f4a1bec7_h.jpg\"><img loading=\"lazy\" decoding=\"async\" aria-describedby=\"caption-attachment-4373\" class=\"size-full wp-image-4373\" title=\"D\u00e9part ATV4 Albert Einstein\" alt=\"\" src=\"https:\/\/spacetux.org\/cpamoa\/wp-content\/uploads\/2013\/11\/L-380-10589402143_16f4a1bec7_h.jpg\" width=\"598\" height=\"398\" \/><\/a><p id=\"caption-attachment-4373\" class=\"wp-caption-text\">Cr\u00e9dits : ESA\/NASA<\/p><\/div>\n<p>&nbsp;<\/p>\n<p>&nbsp;<\/p>\n<pre><em>Cette note est la suite d\u2019une longue s\u00e9rie de notes de Samantha Cristoforetti qui a entrepris l\u2019\u00e9criture d\u2019un journal de bord quotidien qui la m\u00e8nera au jour de son lancement, pour le moment pr\u00e9vu le 30 novembre 2014.<\/em><\/pre>\n<pre><em>La version anglaise (originale) peut \u00eatre consult\u00e9e sur\u00a0<a href=\"https:\/\/plus.google.com\/+SamanthaCristoforetti\/posts\/gVXMDsjQiEV\">son compte Google+<\/a>\u00a0et la traduction italienne sur le site\u00a0<a href=\"http:\/\/www.astronautinews.it\/2013\/11\/16\/l-380-di-ritorno-in-europa-e-un-breve-los-prima-di-atv\/\">AstronautiNEWS<\/a>. Toutes les photos post\u00e9es sont sa propri\u00e9t\u00e9 et proviennent de son journal de bord sur son compte Google+.<\/em><\/pre>\n<p>&nbsp;<\/p>\n<p>&nbsp;<\/p>\n","protected":false},"excerpt":{"rendered":"<p>L-380 : Samedi 16 novembre 2013 Sympa d&rsquo;\u00eatre de retour \u00e0 la maison en Europe apr\u00e8s six semaines intenses d&rsquo;entra\u00eenement au Centre Spatial Johnson. Bien que les temp\u00e9ratures douces du Texas \u00e0 cette p\u00e9riode de l&rsquo;ann\u00e9e ne me d\u00e9rangent certainement pas. La semaine \u00e0 venir est sans formation &#8211; quelques jours de libres, puis quelques briefings, r\u00e9unions et t\u00e2ches administratives au Centre Europ\u00e9en des Astronautes. Je reprendrai la formation le 25 novembre avec ma seconde semaine ATV, en compagnie de<\/p>\n","protected":false},"author":3,"featured_media":4373,"comment_status":"open","ping_status":"closed","sticky":false,"template":"","format":"standard","meta":{"footnotes":""},"categories":[195],"tags":[236,332,537],"class_list":["post-4372","post","type-post","status-publish","format-standard","has-post-thumbnail","hentry","category-logbook-samantha","tag-atv","tag-eac","tag-samantha-cristoforetti"],"jetpack_featured_media_url":"https:\/\/spacetux.org\/cpamoa\/wp-content\/uploads\/2013\/11\/L-380-10589402143_16f4a1bec7_h.jpg","jetpack_shortlink":"https:\/\/wp.me\/p4aZXT-18w","_links":{"self":[{"href":"https:\/\/spacetux.org\/cpamoa\/wp-json\/wp\/v2\/posts\/4372","targetHints":{"allow":["GET"]}}],"collection":[{"href":"https:\/\/spacetux.org\/cpamoa\/wp-json\/wp\/v2\/posts"}],"about":[{"href":"https:\/\/spacetux.org\/cpamoa\/wp-json\/wp\/v2\/types\/post"}],"author":[{"embeddable":true,"href":"https:\/\/spacetux.org\/cpamoa\/wp-json\/wp\/v2\/users\/3"}],"replies":[{"embeddable":true,"href":"https:\/\/spacetux.org\/cpamoa\/wp-json\/wp\/v2\/comments?post=4372"}],"version-history":[{"count":2,"href":"https:\/\/spacetux.org\/cpamoa\/wp-json\/wp\/v2\/posts\/4372\/revisions"}],"predecessor-version":[{"id":5855,"href":"https:\/\/spacetux.org\/cpamoa\/wp-json\/wp\/v2\/posts\/4372\/revisions\/5855"}],"wp:featuredmedia":[{"embeddable":true,"href":"https:\/\/spacetux.org\/cpamoa\/wp-json\/wp\/v2\/media\/4373"}],"wp:attachment":[{"href":"https:\/\/spacetux.org\/cpamoa\/wp-json\/wp\/v2\/media?parent=4372"}],"wp:term":[{"taxonomy":"category","embeddable":true,"href":"https:\/\/spacetux.org\/cpamoa\/wp-json\/wp\/v2\/categories?post=4372"},{"taxonomy":"post_tag","embeddable":true,"href":"https:\/\/spacetux.org\/cpamoa\/wp-json\/wp\/v2\/tags?post=4372"}],"curies":[{"name":"wp","href":"https:\/\/api.w.org\/{rel}","templated":true}]}}