{"id":7633,"date":"2014-07-29T17:21:14","date_gmt":"2014-07-29T15:21:14","guid":{"rendered":"https:\/\/spacetux.org\/cpamoa\/?p=7633"},"modified":"2014-07-29T19:57:32","modified_gmt":"2014-07-29T17:57:32","slug":"atv-5-dernier-cargo-europeen-ravitaillement-liss-pret-partir","status":"publish","type":"post","link":"https:\/\/spacetux.org\/cpamoa\/2014\/07\/atv-5-dernier-cargo-europeen-ravitaillement-liss-pret-partir\/","title":{"rendered":"ATV-5 : Le dernier cargo europ\u00e9en de ravitaillement de l&rsquo;ISS est pr\u00eat \u00e0 partir !"},"content":{"rendered":"<div id=\"attachment_7637\" style=\"width: 310px\" class=\"wp-caption alignright\"><a href=\"https:\/\/spacetux.org\/cpamoa\/wp-content\/uploads\/2014\/07\/Ariane-5-VA219-et-ATV5-Georges-Lemaitre-sur-son-pas-de-tir-a-Kourou.jpg\"><img loading=\"lazy\" decoding=\"async\" aria-describedby=\"caption-attachment-7637\" class=\"wp-image-7637\" src=\"https:\/\/spacetux.org\/cpamoa\/wp-content\/uploads\/2014\/07\/Ariane-5-VA219-et-ATV5-Georges-Lemaitre-sur-son-pas-de-tir-a-Kourou.jpg\" alt=\"Ariane 5 VA219 avecl'ATV-5 Georges Lemaitre \u00e0 son sommet en zone de lancement (Cr\u00e9dits : ESA-CNES-Arianespace \/ Optique vid\u00e9o du CSG - P.Baudon)\" width=\"300\" height=\"212\" \/><\/a><p id=\"caption-attachment-7637\" class=\"wp-caption-text\">Ariane 5 VA219 avecl&rsquo;ATV-5 Georges Lemaitre \u00e0 son sommet en zone de lancement<br \/> (Cr\u00e9dits : ESA-CNES-Arianespace \/ Optique vid\u00e9o du CSG &#8211; P.Baudon)<\/p><\/div>\n<p>Depuis 2008, l&rsquo;Europe participe aux co\u00fbts de fonctionnement de l&rsquo;ISS en fournissant un vaisseau\u00a0cargo de ravitaillement baptis\u00e9 ATV (Automated Transfert Vehicule, V\u00e9hicule de Transfert Automatis\u00e9). L&rsquo;ATV, comme son nom l&rsquo;indique, est un v\u00e9hicule tout automatis\u00e9\u00a0qui est\u00a0capable de s&rsquo;amarrer \u00e0 l&rsquo;ISS sans intervention humaine. Il est compos\u00e9 de deux compartiments : un compartiment pressuris\u00e9 dans lequel se trouve la cargaison s\u00e8che (nourriture, v\u00eatements, mat\u00e9riel d&rsquo;exp\u00e9rience, pi\u00e8ces de rechange de l&rsquo;ISS, affaires personnelles des astronautes, etc&#8230;) et un compartiment non pressuris\u00e9 dans lequel se trouve la cargaison liquide\u00a0(oxyg\u00e8ne et air, eau, carburant).<\/p>\n<p>L&rsquo;ATV c&rsquo;est un v\u00e9hicule\u00a03-en-1 :<\/p>\n<p>&#8211; il transporte le ravitaillement,<\/p>\n<p>&#8211; il rebooste la station spatiale \u00e0 plusieurs reprises lors de sa phase amarr\u00e9 en allumant ses propulseurs. Cela permet de rehausser l&rsquo;altitude de la Station. En effet celle-ci\u00a0perd r\u00e9guli\u00e8rement\u00a0de la vitesse (et donc de l&rsquo;altitude) \u00e0 cause du\u00a0frottement de l&rsquo;air r\u00e9siduel.<\/p>\n<p>&#8211; Et enfin, il incin\u00e8re : Une fois vid\u00e9 de sa cargaison, l&rsquo;ATV est rempli de tous ce dont les astronautes veulent se d\u00e9barrasser (emballages, d\u00e9chets divers) et l&rsquo;ensemble se consume\u00a0au cours\u00a0de sa rentr\u00e9e atmosph\u00e9rique.<\/p>\n<div id=\"attachment_7635\" style=\"width: 310px\" class=\"wp-caption alignleft\"><a href=\"https:\/\/spacetux.org\/cpamoa\/wp-content\/uploads\/2014\/07\/Ariane-5-VA219-avec-ATV5-Georges-Lemaitre.jpg\"><img loading=\"lazy\" decoding=\"async\" aria-describedby=\"caption-attachment-7635\" class=\"wp-image-7635\" src=\"https:\/\/spacetux.org\/cpamoa\/wp-content\/uploads\/2014\/07\/Ariane-5-VA219-avec-ATV5-Georges-Lemaitre.jpg\" alt=\"Ariane 5 (VA219) avec l'ATV-5 Georges Lemaitre \u00e0 son sommet le 28 Juillet 2014 \u00e0 Kourou. (Cr\u00e9dits : ESA\/S.Corvaja)\" width=\"300\" height=\"200\" \/><\/a><p id=\"caption-attachment-7635\" class=\"wp-caption-text\">Ariane 5 (VA219) avec l&rsquo;ATV-5 Georges Lemaitre \u00e0 son sommet le 28 Juillet 2014 \u00e0 Kourou. (Cr\u00e9dits : ESA\/S.Corvaja)<\/p><\/div>\n<p><strong style=\"font-size: 0.95em; line-height: 1.6em;\">Cette nuit, \u00e0 1h47 (23h47 UTC)<\/strong><span style=\"font-size: 0.95em; line-height: 1.6em;\">, L&rsquo;ATV-5 Georges Lema\u00eetre va prendre la direction de l&rsquo;espace, afin de rejoindre l&rsquo;ISS\u00a0pour\u00a0s&rsquo;y amarrer le 12 ao\u00fbt prochain. Il sera lanc\u00e9, tout comme ses quatre pr\u00e9d\u00e9cesseurs, par une fus\u00e9e Ariane 5 ES (vol VA219) depuis le port spatial de Kourou en Guyane Fran\u00e7aise.<\/span><\/p>\n<p>A voir en fran\u00e7ais <strong>\u00e0 partir de 1h27 (23h27 UTC)<\/strong> sur le site d&rsquo;<a title=\"Arianespace TV\" href=\"http:\/\/www.arianespace.tv\/\" target=\"_blank\">Arianespace<\/a><\/p>\n<p>Avec plus de 20T, cet ATV sera le v\u00e9hicule le plus lourd jamais lanc\u00e9\u00a0par une Ariane 5. Dans son ventre on trouvera :<\/p>\n<p>&#8211; 2695kg de cargaison s\u00e8che (incluant les T-shirt spacetex de l&rsquo;ESA, con\u00e7us pour pouvoir \u00eatre port\u00e9s plus longtemps)<br \/>\n&#8211; 848kg d&rsquo;eau \u00ab\u00a0russe\u00a0\u00bb (premi\u00e8re fois que les trois r\u00e9servoirs d&rsquo;eau ont \u00e9t\u00e9 compl\u00e8tement remplis)<br \/>\n&#8211; 2 r\u00e9servoirs d&rsquo;oxyg\u00e8ne et 1 r\u00e9servoir d&rsquo;air, le tout pesant 100kg<br \/>\n&#8211; 4356kg de propergols, incluant<\/p>\n<p style=\"padding-left: 30px;\">&#8211; 2118kg pour l&rsquo;aide \u00e0\u00a0la propulsion de l&rsquo;ISS<br \/>\n&#8211; 860kg de propergols de ravitaillement pour les cuves cot\u00e9 russe. (Servira \u00e0 rehausser la Station lorsque aucun v\u00e9hicule de ravitaillement ne pourra le faire.)<\/p>\n<div id=\"attachment_7641\" style=\"width: 310px\" class=\"wp-caption alignright\"><a href=\"https:\/\/spacetux.org\/cpamoa\/wp-content\/uploads\/2014\/07\/ATV4-Albert-Einstein.jpg\"><img loading=\"lazy\" decoding=\"async\" aria-describedby=\"caption-attachment-7641\" class=\"wp-image-7641\" src=\"https:\/\/spacetux.org\/cpamoa\/wp-content\/uploads\/2014\/07\/ATV4-Albert-Einstein.jpg\" alt=\"L'ATV-4 Albert Einstein photographi\u00e9 depuis l'ISS le 15 Juin 2013 (Cr\u00e9dits : ESA\/NASA)\" width=\"300\" height=\"200\" \/><\/a><p id=\"caption-attachment-7641\" class=\"wp-caption-text\">L&rsquo;ATV-4 Albert Einstein photographi\u00e9 depuis l&rsquo;ISS le 15 Juin 2013 (Cr\u00e9dits : ESA\/NASA)<\/p><\/div>\n<p>En plus de la cargaison habituelle, l&rsquo;ATV Georges Lema\u00eetre va transporter (entre autre) deux exp\u00e9riences :<\/p>\n<p>&#8211; <a title=\"Article sur LIRIS sur le site de l'ESA en fran\u00e7ais\" href=\"http:\/\/www.esa.int\/fre\/ESA_in_your_country\/France\/L_ATV-5_testera_de_nouveaux_capteurs_de_rendez-vous\" target=\"_blank\">LIRIS (Laser InfraRed Imaging Sensors)<\/a> : c&rsquo;est un capteur qui devrait permettre dans le futur \u00e0 des vaisseaux spatiaux d&rsquo;effectuer des rendez-vous avec des cibles qui ne sont pas contr\u00f4l\u00e9es (par exemple des d\u00e9bris spatiaux ou un\u00a0conteneur d&rsquo;\u00e9chantillons en provenance de Mars). L&rsquo;ultime vol de l&rsquo;ATV est donc utilis\u00e9\u00a0pour tester ce tout nouveau capteur.<\/p>\n<p>&#8211; La <a title=\"Article en anglais sur la Break-up Camera\" href=\"http:\/\/www.esa.int\/Our_Activities\/Space_Engineering\/ATV_s_fiery_break-up_to_be_seen_from_inside\" target=\"_blank\">Break-Up Camera<\/a> est une cam\u00e9ra infrarouge qui filmera les 20 derni\u00e8res secondes de la rentr\u00e9e atmosph\u00e9rique de l&rsquo;ATV depuis l&rsquo;int\u00e9rieur. Cette cam\u00e9ra va br\u00fbler en m\u00eame temps que l&rsquo;ATV, mais avant cela elle transmettra ses donn\u00e9es au Reentry Satcom, une capsule sph\u00e9rique\u00a0prot\u00e9g\u00e9e par un bouclier en c\u00e9ramique qui doit r\u00e9sister \u00e0 une chaleur de 1500\u00b0C. Le Reentry Satcom a une antenne, donc lorsque l&rsquo;ATV se sera d\u00e9sint\u00e9gr\u00e9, il commencera \u00e0 transmettre les donn\u00e9es \u00e0 un satellite de communication Iridium qui les transf\u00e9rera ensuite \u00e0 la Terre.<\/p>\n<p>La rentr\u00e9e atmosph\u00e9rique, pr\u00e9vue\u00a0d\u00e9cembre\u00a02014\/janvier 2015, marquera\u00a0la fin du programme de ravitaillement de l&rsquo;ISS par un\u00a0ATV. La Station ne sera heureusement pas laiss\u00e9e \u00e0 l&rsquo;abandon, puisque actuellement 4 autres v\u00e9hicules sont capables de la ravitailler : le Progress russe, l&rsquo;HTV japonais, le Cygnus et le Dragon\u00a0am\u00e9ricain. Cependant l&rsquo;ATV est le v\u00e9hicule qui a la plus grande capacit\u00e9 de transport (trois fois plus que le Progress et 25% de plus que l&rsquo;HTV) et la plus grande capacit\u00e9 de rehaussement de tous les v\u00e9hicules de\u00a0ravitaillement.<\/p>\n<p><strong>Une rentr\u00e9e sous haute surveillance<\/strong><\/p>\n<p>Derni\u00e8re nouveaut\u00e9 pour cette cinqui\u00e8me et derni\u00e8re mission ATV, la rentr\u00e9e atmosph\u00e9rique ne s&rsquo;effectuera pas selon le m\u00eame angle aigu que les pr\u00e9c\u00e9dentes.\u00a0La NASA pr\u00e9pare actuellement la rentr\u00e9e atmosph\u00e9rique de l&rsquo;ISS, qui devrait se faire en 2024. L&rsquo;ATV \u00e9tant le plus grand v\u00e9hicule visiteur de l&rsquo;ISS, l&rsquo;agence am\u00e9ricaine a demand\u00e9 aux op\u00e9rateurs du centre de contr\u00f4le ATV de Toulouse de faire une rentr\u00e9e similaire \u00e0 celle de l&rsquo;ISS, c&rsquo;est \u00e0 dire plus \u00ab\u00a0plate\u00a0\u00bb. La rentr\u00e9e sera film\u00e9e par les astronautes depuis l&rsquo;ISS, observ\u00e9e depuis la Terre, et des donn\u00e9es seront \u00e9galement r\u00e9colt\u00e9es depuis l&rsquo;int\u00e9rieur de l&rsquo;ATV lui-m\u00eame gr\u00e2ce \u00e0 la cam\u00e9ra de l&rsquo;ESA mentionn\u00e9e ci-dessus et aussi gr\u00e2ce \u00e0 deux autres instruments embarqu\u00e9s : Le Reentry Breakup Recorder de la NASA et l&rsquo; i-Ball de la JAXA (l&rsquo;Agence Spatiale Japonaise).<\/p>\n<p>Mais nous n&rsquo;en sommes pas encore l\u00e0. Je vous laisse regarder\u00a0ce timelapse des derniers pr\u00e9paratifs de l&rsquo;ATV-5<\/p>\n<p>&nbsp;<br \/>\n<iframe loading=\"lazy\" src=\"\/\/www.youtube.com\/embed\/Zol-6dpMMMY\" width=\"560\" height=\"315\" frameborder=\"0\" allowfullscreen=\"allowfullscreen\"><\/iframe><\/p>\n<p>&nbsp;<\/p>\n<p><strong>Pour en savoir plus :\u00a0<\/strong><\/p>\n<p>Les chouettes photos de <a title=\"Compte Flickr de l'ESA\" href=\"https:\/\/www.flickr.com\/photos\/europeanspaceagency\/sets\/72157637196020425\" target=\"_blank\">la campagne de lancement ATV-5<\/a> sur le compte Flickr de l&rsquo;ESA.<br \/>\nLes chouettes photos de <a title=\"Compte Flickr du CNES\" href=\"https:\/\/www.flickr.com\/photos\/pkpro\/sets\/72157645722942914\" target=\"_blank\">la campagne de lancement ATV-5<\/a> sur le compte Flickr du CNES.<\/p>\n<p><a title=\"L'ATV-5 bat un nouveau record de cargaison\" href=\"http:\/\/www.cnes.fr\/web\/CNES-fr\/11274-l-atv-5-bat-un-nouveau-record-de-cargaison.php\" target=\"_blank\">L&rsquo;ATV-5 bat un nouveau record de cargaison<\/a>\u00a0sur le site web du CNES<\/p>\n<p>Et si le temps le permet, vous pourrez m\u00eame voir passer l&rsquo;ATV au dessus de votre t\u00eate cette nuit lors de ses 2\u00e8me et 3\u00e8me orbites. Toutes les infos ici : <a title=\"Cartes du passage de l'ATV-5 au dessus de l'Europe\" href=\"http:\/\/blogs.esa.int\/atv\/2014\/07\/29\/spotting-atv-5-over-europe\/\" target=\"_blank\">Spotting ATV-5 over Europe<\/a><\/p>\n<p>&nbsp;<\/p>\n<p><strong>Sources :<\/strong><\/p>\n<p><a title=\"Article en fran\u00e7ais sur le site de l'ESA\" href=\"http:\/\/www.esa.int\/fre\/ESA_in_your_country\/France\/L_ATV-5_testera_de_nouveaux_capteurs_de_rendez-vous\" target=\"_blank\">L&rsquo;ATV-5 testera de nouveaux capteurs de rendez-vous<br \/>\n<\/a><a title=\"L'ATV-5 est d\u00e9sormais charg\u00e9 et ferm\u00e9\" href=\"http:\/\/www.esa.int\/fre\/ESA_in_your_country\/France\/L_ATV-5_est_desormais_charge_et_ferme\" target=\"_blank\">L&rsquo;ATV-5 est d\u00e9sormais charg\u00e9 et ferm\u00e9<br \/>\n<\/a><a title=\"Article sur la rentr\u00e9e atmosph\u00e9rique de l'ATV5 en anglais\" href=\"http:\/\/www.esa.int\/Our_Activities\/Space_Engineering\/ATV_s_fiery_break-up_to_be_seen_from_inside\" target=\"_blank\">ATV&rsquo;s fiery break-up to be seen from inside<\/a> (en anglais donc)<br \/>\n<a title=\"Brochure en FR de l'ATV-5 George Lema\u00eetre\" href=\"http:\/\/esamultimedia.esa.int\/multimedia\/publications\/ATV_brochure_FR\/\" target=\"_blank\">Brochure de l&rsquo;ESA\u00a0en fran\u00e7ais de l&rsquo;ATV-5 Georges Lemaitre<br \/>\n<\/a><a title=\"Dossier d'information du CNES sur l'ATV-5\" href=\"http:\/\/www.cnes-multimedia.fr\/atv\/atv5\/atv5_info_vf.pdf\" target=\"_blank\">Dossier d&rsquo;information du CNES en fran\u00e7ais sur l&rsquo;ATV-5<\/a><\/p>\n<p>&nbsp;<\/p>\n","protected":false},"excerpt":{"rendered":"<p>Depuis 2008, l&rsquo;Europe participe aux co\u00fbts de fonctionnement de l&rsquo;ISS en fournissant un vaisseau\u00a0cargo de ravitaillement baptis\u00e9 ATV (Automated Transfert Vehicule, V\u00e9hicule de Transfert Automatis\u00e9). L&rsquo;ATV, comme son nom l&rsquo;indique, est un v\u00e9hicule tout automatis\u00e9\u00a0qui est\u00a0capable de s&rsquo;amarrer \u00e0 l&rsquo;ISS sans intervention humaine. Il est compos\u00e9 de deux compartiments : un compartiment pressuris\u00e9 dans lequel se trouve la cargaison s\u00e8che (nourriture, v\u00eatements, mat\u00e9riel d&rsquo;exp\u00e9rience, pi\u00e8ces de rechange de l&rsquo;ISS, affaires personnelles des astronautes, etc&#8230;) et un compartiment non pressuris\u00e9 dans<\/p>\n","protected":false},"author":1,"featured_media":7637,"comment_status":"open","ping_status":"open","sticky":false,"template":"","format":"standard","meta":{"footnotes":""},"categories":[194],"tags":[229,236,794,411,520],"class_list":["post-7633","post","type-post","status-publish","format-standard","has-post-thumbnail","hentry","category-iss","tag-ariane-5","tag-atv","tag-atv-5","tag-kourou","tag-ravitaillement"],"jetpack_featured_media_url":"https:\/\/spacetux.org\/cpamoa\/wp-content\/uploads\/2014\/07\/Ariane-5-VA219-et-ATV5-Georges-Lemaitre-sur-son-pas-de-tir-a-Kourou.jpg","jetpack_shortlink":"https:\/\/wp.me\/p4aZXT-1Z7","_links":{"self":[{"href":"https:\/\/spacetux.org\/cpamoa\/wp-json\/wp\/v2\/posts\/7633","targetHints":{"allow":["GET"]}}],"collection":[{"href":"https:\/\/spacetux.org\/cpamoa\/wp-json\/wp\/v2\/posts"}],"about":[{"href":"https:\/\/spacetux.org\/cpamoa\/wp-json\/wp\/v2\/types\/post"}],"author":[{"embeddable":true,"href":"https:\/\/spacetux.org\/cpamoa\/wp-json\/wp\/v2\/users\/1"}],"replies":[{"embeddable":true,"href":"https:\/\/spacetux.org\/cpamoa\/wp-json\/wp\/v2\/comments?post=7633"}],"version-history":[{"count":9,"href":"https:\/\/spacetux.org\/cpamoa\/wp-json\/wp\/v2\/posts\/7633\/revisions"}],"predecessor-version":[{"id":7646,"href":"https:\/\/spacetux.org\/cpamoa\/wp-json\/wp\/v2\/posts\/7633\/revisions\/7646"}],"wp:featuredmedia":[{"embeddable":true,"href":"https:\/\/spacetux.org\/cpamoa\/wp-json\/wp\/v2\/media\/7637"}],"wp:attachment":[{"href":"https:\/\/spacetux.org\/cpamoa\/wp-json\/wp\/v2\/media?parent=7633"}],"wp:term":[{"taxonomy":"category","embeddable":true,"href":"https:\/\/spacetux.org\/cpamoa\/wp-json\/wp\/v2\/categories?post=7633"},{"taxonomy":"post_tag","embeddable":true,"href":"https:\/\/spacetux.org\/cpamoa\/wp-json\/wp\/v2\/tags?post=7633"}],"curies":[{"name":"wp","href":"https:\/\/api.w.org\/{rel}","templated":true}]}}