{"id":7660,"date":"2014-08-01T11:56:59","date_gmt":"2014-08-01T09:56:59","guid":{"rendered":"https:\/\/spacetux.org\/cpamoa\/?p=7660"},"modified":"2014-08-01T11:56:59","modified_gmt":"2014-08-01T09:56:59","slug":"autre-perspective","status":"publish","type":"post","link":"https:\/\/spacetux.org\/cpamoa\/2014\/08\/autre-perspective\/","title":{"rendered":"Une autre perspective"},"content":{"rendered":"<p>En tant qu&rsquo;astronaute, nous avons une vue unique sur notre plan\u00e8te. Les choses que nous voyons chaque jour aux infos et donc que nous prenons presque pour acquis, semblent tout \u00e0 fait diff\u00e9rentes depuis notre perspective. Depuis l&rsquo;espace, nous ne remarquons aucune fronti\u00e8re. Nous ne voyons qu&rsquo;une plan\u00e8te unique avec une mince et fragile couche d&rsquo;atmosph\u00e8re qui flotte dans le vaste obscurit\u00e9 de l&rsquo;espace. De l\u00e0-haut, il devient clair que l&rsquo;humanit\u00e9 sur Terre ne fait qu&rsquo;un et que nous partageons le m\u00eame destin.<\/p>\n<p><a href=\"https:\/\/spacetux.org\/cpamoa\/wp-content\/uploads\/2014\/08\/Israel-et-Gaza-vus-depuis-lISS.jpg\"><img loading=\"lazy\" decoding=\"async\" class=\"alignright wp-image-7661\" src=\"https:\/\/spacetux.org\/cpamoa\/wp-content\/uploads\/2014\/08\/Israel-et-Gaza-vus-depuis-lISS.jpg\" alt=\"Israel et Gaza vus depuis l'ISS\" width=\"400\" height=\"265\" \/><\/a>Le jour o\u00f9 j&rsquo;ai pris cette photo, je flottais dans la Cupola, notre plateforme d&rsquo;observation dans l&rsquo;ISS. J&rsquo;ai soudain remarqu\u00e9 quelque chose, que je n&rsquo;avais encore jamais vu auparavant : des traits de lumi\u00e8re, qui vont et viennent dans l&rsquo;obscurit\u00e9 de la Terre qui \u00e9tait aussi parfois \u00e9clair\u00e9e par des boules de feu orang\u00e9es. J&rsquo;ai pris mon appareil photo et j&rsquo;ai pris quelques photos avant que je comprenne enfin ce que j&rsquo;avais vraiment vu et au-dessus de quoi nous \u00e9tions en train de voler. Bien que la photo ne montre aucune explosion, je les ai observ\u00e9es \u00e0 plusieurs reprises.<\/p>\n<p>Lorsque j&rsquo;ai pris les photos, je me suis pos\u00e9 la question : si une esp\u00e8ce \u00e9trang\u00e8re devait un jour venir nous visiter de quelque part dans l&rsquo;Univers, comment leur expliquerions-nous, si c&rsquo;\u00e9tait \u00e7a qu&rsquo;ils voyaient\u00a0en premier de notre plan\u00e8te ? Comment pourrions-nous leur expliquer la fa\u00e7on dont nous, les humains, nous nous traitons nous-m\u00eame et la fa\u00e7on dont nous traitons notre plan\u00e8te, la seule maison que nous avons ?<\/p>\n<p>Je n&rsquo;ai pas de r\u00e9ponses \u00e0 \u00e7a.<\/p>\n<p>&nbsp;<\/p>\n<pre><a style=\"font-weight: inherit; font-style: inherit; color: #0088ff;\" title=\"R\u00e9sum\u00e9s biographiques des six astronautes de la promotion 2009 sur le site de l'ESA\" href=\"http:\/\/www.esa.int\/fre\/ESA_in_your_country\/France\/Resumes_biographiques\/(print)\" target=\"_blank\">Alexander Gerst<\/a> est le second astronaute de la promotion 2009 de l'ESA (baptis\u00e9e Shenanigans) \u00e0 s\u00e9journer \u00e0 bord de la Station Spatiale Internationale pendant environ six mois \u00e0 partir du 28 mai 2014.<\/pre>\n<pre>Ceci est la traduction (tir\u00e9e de l'allemand) d'un article publi\u00e9 le 25 Juillet 2014 sur <a style=\"font-weight: inherit; font-style: inherit; color: #0088ff;\" title=\"Le blog d'Alexander Gerst sur le site de l'ESA\" href=\"http:\/\/blogs.esa.int\/alexander-gerst\/\" target=\"_blank\">son blog<\/a> : <a title=\"Article en allemand sur le blog d'Alexander Gerst\" href=\"http:\/\/blogs.esa.int\/alexander-gerst\/de\/2014\/07\/25\/a-different-perspective\/\" target=\"_blank\">Eine andere Perspektive<\/a><\/pre>\n<p>&nbsp;<\/p>\n","protected":false},"excerpt":{"rendered":"<p>En tant qu&rsquo;astronaute, nous avons une vue unique sur notre plan\u00e8te. Les choses que nous voyons chaque jour aux infos et donc que nous prenons presque pour acquis, semblent tout \u00e0 fait diff\u00e9rentes depuis notre perspective. Depuis l&rsquo;espace, nous ne remarquons aucune fronti\u00e8re. Nous ne voyons qu&rsquo;une plan\u00e8te unique avec une mince et fragile couche d&rsquo;atmosph\u00e8re qui flotte dans le vaste obscurit\u00e9 de l&rsquo;espace. De l\u00e0-haut, il devient clair que l&rsquo;humanit\u00e9 sur Terre ne fait qu&rsquo;un et que nous partageons<\/p>\n","protected":false},"author":1,"featured_media":7661,"comment_status":"open","ping_status":"open","sticky":false,"template":"","format":"standard","meta":{"footnotes":""},"categories":[717],"tags":[214,796,718],"class_list":["post-7660","post","type-post","status-publish","format-standard","has-post-thumbnail","hentry","category-blog-alexander-gerst","tag-alexander-gerst","tag-guerre","tag-perspective"],"jetpack_featured_media_url":"https:\/\/spacetux.org\/cpamoa\/wp-content\/uploads\/2014\/08\/Israel-et-Gaza-vus-depuis-lISS.jpg","jetpack_shortlink":"https:\/\/wp.me\/p4aZXT-1Zy","_links":{"self":[{"href":"https:\/\/spacetux.org\/cpamoa\/wp-json\/wp\/v2\/posts\/7660","targetHints":{"allow":["GET"]}}],"collection":[{"href":"https:\/\/spacetux.org\/cpamoa\/wp-json\/wp\/v2\/posts"}],"about":[{"href":"https:\/\/spacetux.org\/cpamoa\/wp-json\/wp\/v2\/types\/post"}],"author":[{"embeddable":true,"href":"https:\/\/spacetux.org\/cpamoa\/wp-json\/wp\/v2\/users\/1"}],"replies":[{"embeddable":true,"href":"https:\/\/spacetux.org\/cpamoa\/wp-json\/wp\/v2\/comments?post=7660"}],"version-history":[{"count":1,"href":"https:\/\/spacetux.org\/cpamoa\/wp-json\/wp\/v2\/posts\/7660\/revisions"}],"predecessor-version":[{"id":7662,"href":"https:\/\/spacetux.org\/cpamoa\/wp-json\/wp\/v2\/posts\/7660\/revisions\/7662"}],"wp:featuredmedia":[{"embeddable":true,"href":"https:\/\/spacetux.org\/cpamoa\/wp-json\/wp\/v2\/media\/7661"}],"wp:attachment":[{"href":"https:\/\/spacetux.org\/cpamoa\/wp-json\/wp\/v2\/media?parent=7660"}],"wp:term":[{"taxonomy":"category","embeddable":true,"href":"https:\/\/spacetux.org\/cpamoa\/wp-json\/wp\/v2\/categories?post=7660"},{"taxonomy":"post_tag","embeddable":true,"href":"https:\/\/spacetux.org\/cpamoa\/wp-json\/wp\/v2\/tags?post=7660"}],"curies":[{"name":"wp","href":"https:\/\/api.w.org\/{rel}","templated":true}]}}