{"id":8713,"date":"2015-08-16T16:33:10","date_gmt":"2015-08-16T14:33:10","guid":{"rendered":"https:\/\/spacetux.org\/cpamoa\/?p=8713"},"modified":"2016-03-03T10:41:15","modified_gmt":"2016-03-03T09:41:15","slug":"mission-blue-dot-dalexander-gerst-video-arte-tv","status":"publish","type":"post","link":"https:\/\/spacetux.org\/cpamoa\/2015\/08\/mission-blue-dot-dalexander-gerst-video-arte-tv\/","title":{"rendered":"La mission Blue Dot d&rsquo;Alexander Gerst en vid\u00e9o sur ARTE !"},"content":{"rendered":"<p>ARTE nous g\u00e2te !<\/p>\n<p>Avez-vous vu le documentaire diffus\u00e9 sur ARTE sur la mission \u00ab\u00a0Blue Dot\u00a0\u00bb d&rsquo;Alexander Gerst ? Il est intitul\u00e9 \u00ab\u00a0Gravit\u00e9 Z\u00e9ro &#8211; Mission dans l&rsquo;espace\u00a0\u00bb et je l&rsquo;adore ! Une heure d&rsquo;\u00e9vasion garantie ! Si vous ne l&rsquo;avez pas encore vu ou si vous voulez le revoir, cliquez sur l&rsquo;image ci-dessous :<\/p>\n<p>&nbsp;<\/p>\n<div id=\"attachment_8715\" style=\"width: 610px\" class=\"wp-caption aligncenter\"><a href=\"http:\/\/future.arte.tv\/fr\/mission-dans-l-espace\" target=\"_blank\"><img loading=\"lazy\" decoding=\"async\" aria-describedby=\"caption-attachment-8715\" class=\"wp-image-8715\" src=\"https:\/\/spacetux.org\/cpamoa\/wp-content\/uploads\/2015\/08\/Alexander-Gerst-EVA-Documentaire-ARTE-1024x542.jpg\" alt=\"Alexander Gerst lors de sa sortie spatiale (Cr\u00e9dits : ESA\/NASA\/ARTE TV\/J\u00fcrgen Hansen)\" width=\"600\" height=\"318\" srcset=\"https:\/\/spacetux.org\/cpamoa\/wp-content\/uploads\/2015\/08\/Alexander-Gerst-EVA-Documentaire-ARTE-1024x542.jpg 1024w, https:\/\/spacetux.org\/cpamoa\/wp-content\/uploads\/2015\/08\/Alexander-Gerst-EVA-Documentaire-ARTE-300x159.jpg 300w, https:\/\/spacetux.org\/cpamoa\/wp-content\/uploads\/2015\/08\/Alexander-Gerst-EVA-Documentaire-ARTE.jpg 1920w\" sizes=\"auto, (max-width: 600px) 100vw, 600px\" \/><\/a><p id=\"caption-attachment-8715\" class=\"wp-caption-text\">Cr\u00e9dits : ESA\/NASA\/ARTE TV\/J\u00fcrgen Hansen<\/p><\/div>\n<p>&nbsp;<\/p>\n<p>Le film commence par<strong> l&rsquo;entra\u00eenement \u00e0 Houston, \u00e0 Cologne et \u00e0 la Cit\u00e9 des \u00c9toiles<\/strong> \u00e0 Moscou d&rsquo;Alexander Gerst et de ses deux co\u00e9quipiers de l&rsquo;exp\u00e9dition 40 : Maxim Suraev et Reid Wiseman. Puis on les voit <strong>partir dans l&rsquo;espace \u00e0 bord du vaisseau Soyouz<\/strong>. Enfin on d\u00e9couvre <strong>leur vie \u00e0 bord de la Station Spatiale Internationale<\/strong>.<\/p>\n<p>&nbsp;<\/p>\n<p>Et comme ARTE nous g\u00e2te, ils ont fait plus : ils ont cr\u00e9e un site de type infographie avec plein d&rsquo;informations et de vid\u00e9os concernant la mission d&rsquo;Alexander Gerst.<\/p>\n<p><strong>Cliquez sur l&rsquo;image ci-dessous pour y acc\u00e9der\u00a0 <\/strong><\/p>\n<div id=\"attachment_8719\" style=\"width: 650px\" class=\"wp-caption aligncenter\"><a href=\"http:\/\/infographic.arte.tv\/future\/mission\/fr\/#start\" target=\"_blank\"><img loading=\"lazy\" decoding=\"async\" aria-describedby=\"caption-attachment-8719\" class=\"wp-image-8719\" src=\"https:\/\/spacetux.org\/cpamoa\/wp-content\/uploads\/2015\/08\/Expedition-ISS-Mission-Alexander-Gerst-1024x509.jpg\" alt=\"Cr\u00e9dits : ZDF \/ prospekt tv produktion\" width=\"640\" height=\"318\" srcset=\"https:\/\/spacetux.org\/cpamoa\/wp-content\/uploads\/2015\/08\/Expedition-ISS-Mission-Alexander-Gerst-1024x509.jpg 1024w, https:\/\/spacetux.org\/cpamoa\/wp-content\/uploads\/2015\/08\/Expedition-ISS-Mission-Alexander-Gerst-300x149.jpg 300w, https:\/\/spacetux.org\/cpamoa\/wp-content\/uploads\/2015\/08\/Expedition-ISS-Mission-Alexander-Gerst.jpg 1917w\" sizes=\"auto, (max-width: 640px) 100vw, 640px\" \/><\/a><p id=\"caption-attachment-8719\" class=\"wp-caption-text\">Cr\u00e9dits : ZDF \/ prospekt tv produktion<\/p><\/div>\n<p>&nbsp;<\/p>\n<p>La navigation se fait en cliquant sur les ic\u00f4nes \u00e0 gauche de l&rsquo;\u00e9cran ou sur la fl\u00e8che en bas. Le site est d\u00e9coup\u00e9 en plusieurs \u00ab\u00a0chapitres\u00a0\u00bb :<\/p>\n<ol>\n<li>L&rsquo;entra\u00eenement sur Terre<\/li>\n<li>Vol vers l&rsquo;ISS\n<ol>\n<li>D\u00e9collage<\/li>\n<li>Sortie de l&rsquo;atmosph\u00e8re<\/li>\n<li>Placement en orbite<\/li>\n<li>Arrimage<\/li>\n<\/ol>\n<\/li>\n<li>Visite guid\u00e9e \u00e0 bord de l&rsquo;ISS\n<ol>\n<li>Cupola<\/li>\n<li>Soyouz<\/li>\n<li>Columbus<\/li>\n<li>Kibo<\/li>\n<li>Destiny<\/li>\n<\/ol>\n<\/li>\n<li>Vol retour vers la Terre\n<ol>\n<li>D\u00e9sarrimage de l&rsquo;ISS<\/li>\n<li>Rentr\u00e9e dans l&rsquo;atmosph\u00e8re<\/li>\n<li>Atterrissage<\/li>\n<\/ol>\n<\/li>\n<\/ol>\n<p>N&rsquo;oubliez pas \u00e0 chaque fois de <strong>cliquer sur l\u2019ic\u00f4ne en bas \u00e0 droite de l&rsquo;\u00e9cran pour lancer la vid\u00e9os en rapport avec le th\u00e8me s\u00e9lectionn\u00e9<\/strong> (puis cliquer sur la croix en haut \u00e0 droite pour fermer la vid\u00e9o et revenir \u00e0 la navigation). Ainsi vous pourrez voir, entre autre, des <strong>vid\u00e9os des astronautes \u00e0 l&rsquo;int\u00e9rieur du Soyouz<\/strong> pendant les diff\u00e9rentes phases du lancement et de l&rsquo;atterrissage et une <strong>visite guid\u00e9e par Alexander Gerst d&rsquo;une partie de la Station<\/strong>.<\/p>\n<p>&nbsp;<\/p>\n<p>Si vous avez des questions, n&rsquo;h\u00e9sitez pas \u00e0 les poser en commentaire de cet article. Merci Arte pour nous offrir ces beaux documentaires !<\/p>\n<p>Enjoy !<\/p>\n","protected":false},"excerpt":{"rendered":"<p>ARTE nous g\u00e2te ! Avez-vous vu le documentaire diffus\u00e9 sur ARTE sur la mission \u00ab\u00a0Blue Dot\u00a0\u00bb d&rsquo;Alexander Gerst ? Il est intitul\u00e9 \u00ab\u00a0Gravit\u00e9 Z\u00e9ro &#8211; Mission dans l&rsquo;espace\u00a0\u00bb et je l&rsquo;adore ! Une heure d&rsquo;\u00e9vasion garantie ! Si vous ne l&rsquo;avez pas encore vu ou si vous voulez le revoir, cliquez sur l&rsquo;image ci-dessous : &nbsp; &nbsp; Le film commence par l&rsquo;entra\u00eenement \u00e0 Houston, \u00e0 Cologne et \u00e0 la Cit\u00e9 des \u00c9toiles \u00e0 Moscou d&rsquo;Alexander Gerst et de ses deux<\/p>\n","protected":false},"author":1,"featured_media":8715,"comment_status":"open","ping_status":"open","sticky":true,"template":"","format":"standard","meta":{"footnotes":""},"categories":[194],"tags":[214,952,749,756,681,755,611],"class_list":["post-8713","post","type-post","status-publish","format-standard","has-post-thumbnail","hentry","category-iss","tag-alexander-gerst","tag-documentaire","tag-expedition-40","tag-maxim-suraev","tag-mission-blue-dot","tag-reid-wiseman","tag-video"],"jetpack_featured_media_url":"https:\/\/spacetux.org\/cpamoa\/wp-content\/uploads\/2015\/08\/Alexander-Gerst-EVA-Documentaire-ARTE.jpg","jetpack_shortlink":"https:\/\/wp.me\/p4aZXT-2gx","_links":{"self":[{"href":"https:\/\/spacetux.org\/cpamoa\/wp-json\/wp\/v2\/posts\/8713","targetHints":{"allow":["GET"]}}],"collection":[{"href":"https:\/\/spacetux.org\/cpamoa\/wp-json\/wp\/v2\/posts"}],"about":[{"href":"https:\/\/spacetux.org\/cpamoa\/wp-json\/wp\/v2\/types\/post"}],"author":[{"embeddable":true,"href":"https:\/\/spacetux.org\/cpamoa\/wp-json\/wp\/v2\/users\/1"}],"replies":[{"embeddable":true,"href":"https:\/\/spacetux.org\/cpamoa\/wp-json\/wp\/v2\/comments?post=8713"}],"version-history":[{"count":15,"href":"https:\/\/spacetux.org\/cpamoa\/wp-json\/wp\/v2\/posts\/8713\/revisions"}],"predecessor-version":[{"id":8721,"href":"https:\/\/spacetux.org\/cpamoa\/wp-json\/wp\/v2\/posts\/8713\/revisions\/8721"}],"wp:featuredmedia":[{"embeddable":true,"href":"https:\/\/spacetux.org\/cpamoa\/wp-json\/wp\/v2\/media\/8715"}],"wp:attachment":[{"href":"https:\/\/spacetux.org\/cpamoa\/wp-json\/wp\/v2\/media?parent=8713"}],"wp:term":[{"taxonomy":"category","embeddable":true,"href":"https:\/\/spacetux.org\/cpamoa\/wp-json\/wp\/v2\/categories?post=8713"},{"taxonomy":"post_tag","embeddable":true,"href":"https:\/\/spacetux.org\/cpamoa\/wp-json\/wp\/v2\/tags?post=8713"}],"curies":[{"name":"wp","href":"https:\/\/api.w.org\/{rel}","templated":true}]}}