{"id":8758,"date":"2015-08-20T16:52:17","date_gmt":"2015-08-20T14:52:17","guid":{"rendered":"https:\/\/spacetux.org\/cpamoa\/?p=8758"},"modified":"2015-08-21T09:24:46","modified_gmt":"2015-08-21T07:24:46","slug":"une-premiere-lensemble-des-dix-astronautes-francais-rassembles-pour-une-photo","status":"publish","type":"post","link":"https:\/\/spacetux.org\/cpamoa\/2015\/08\/une-premiere-lensemble-des-dix-astronautes-francais-rassembles-pour-une-photo\/","title":{"rendered":"Une premi\u00e8re : l&rsquo;ensemble des dix astronautes fran\u00e7ais rassembl\u00e9s pour une photo !"},"content":{"rendered":"<p>A l&rsquo;occasion du Salon du Bourget qui s&rsquo;\u00e9tait tenu en juin dernier, une photo in\u00e9dite et historique a\u00a0\u00e9t\u00e9 r\u00e9alis\u00e9e : la photo regroupant tous les\u00a0astronautes fran\u00e7ais. Ils sont au nombre de 10, dont Thomas Pesquet, le dernier de la bande, qui partira \u00e0 bord de l&rsquo;ISS en novembre 2016. Pr\u00e9cipitez-vous chez votre marchand de journaux pour acheter le dernier num\u00e9ro de Paris-Match. C&rsquo;est une photo collector !<\/p>\n<p>En attendant, je vous propose de parcourir <a href=\"http:\/\/www.parismatch.com\/Actu\/Sciences\/Francais-dans-l-espace-l-etoffe-des-heros\" target=\"_blank\">la\u00a0version interactive\u00a0ci-dessous<\/a> qui contient des vid\u00e9os et des informations sur chacun d&rsquo;eux (survolez les astronautes avec la souris).<\/p>\n<p>&nbsp;<\/p>\n<p><iframe loading=\"lazy\" src=\"\/\/www.thinglink.com\/card\/690884735194365952\" width=\"800\" height=\"533\" frameborder=\"0\" scrolling=\"no\" allowfullscreen=\"allowfullscreen\"><\/iframe><\/p>\n<p>&nbsp;<\/p>\n<p>Je vous laisse \u00e9galement d\u00e9couvrir le making-of de cette photo <a href=\"http:\/\/videos.ladmobile.fr\/8\/1\/4\/25814\/sd-25814.mp4\" target=\"_blank\">dans la\u00a0vid\u00e9o\u00a0ci-dessous<\/a> o\u00f9 l&rsquo;on peut entendre Jean-Loup Chr\u00e9tien et Thomas Pesquet, respectivement le premier et le dernier astronaute fran\u00e7ais dans l&rsquo;espace.<\/p>\n<p>&nbsp;<\/p>\n<div style=\"width: 640px;\" class=\"wp-video\"><video class=\"wp-video-shortcode\" id=\"video-8758-1\" width=\"640\" height=\"360\" preload=\"metadata\" controls=\"controls\"><source type=\"video\/mp4\" src=\"http:\/\/videos.ladmobile.fr\/8\/1\/4\/25814\/sd-25814.mp4?_=1\" \/><a href=\"http:\/\/videos.ladmobile.fr\/8\/1\/4\/25814\/sd-25814.mp4\">http:\/\/videos.ladmobile.fr\/8\/1\/4\/25814\/sd-25814.mp4<\/a><\/video><\/div>\n","protected":false},"excerpt":{"rendered":"<p>A l&rsquo;occasion du Salon du Bourget qui s&rsquo;\u00e9tait tenu en juin dernier, une photo in\u00e9dite et historique a\u00a0\u00e9t\u00e9 r\u00e9alis\u00e9e : la photo regroupant tous les\u00a0astronautes fran\u00e7ais. Ils sont au nombre de 10, dont Thomas Pesquet, le dernier de la bande, qui partira \u00e0 bord de l&rsquo;ISS en novembre 2016. Pr\u00e9cipitez-vous chez votre marchand de journaux pour acheter le dernier num\u00e9ro de Paris-Match. C&rsquo;est une photo collector ! En attendant, je vous propose de parcourir la\u00a0version interactive\u00a0ci-dessous qui contient des vid\u00e9os<\/p>\n","protected":false},"author":1,"featured_media":8760,"comment_status":"open","ping_status":"open","sticky":false,"template":"","format":"standard","meta":{"footnotes":""},"categories":[187],"tags":[942,587],"class_list":["post-8758","post","type-post","status-publish","format-standard","has-post-thumbnail","hentry","category-astronautes","tag-astronautes","tag-thomas-pesquet"],"jetpack_featured_media_url":"https:\/\/spacetux.org\/cpamoa\/wp-content\/uploads\/2015\/08\/10-Astronautes-fran\u00e7ais.jpg","jetpack_shortlink":"https:\/\/wp.me\/p4aZXT-2hg","_links":{"self":[{"href":"https:\/\/spacetux.org\/cpamoa\/wp-json\/wp\/v2\/posts\/8758","targetHints":{"allow":["GET"]}}],"collection":[{"href":"https:\/\/spacetux.org\/cpamoa\/wp-json\/wp\/v2\/posts"}],"about":[{"href":"https:\/\/spacetux.org\/cpamoa\/wp-json\/wp\/v2\/types\/post"}],"author":[{"embeddable":true,"href":"https:\/\/spacetux.org\/cpamoa\/wp-json\/wp\/v2\/users\/1"}],"replies":[{"embeddable":true,"href":"https:\/\/spacetux.org\/cpamoa\/wp-json\/wp\/v2\/comments?post=8758"}],"version-history":[{"count":8,"href":"https:\/\/spacetux.org\/cpamoa\/wp-json\/wp\/v2\/posts\/8758\/revisions"}],"predecessor-version":[{"id":8768,"href":"https:\/\/spacetux.org\/cpamoa\/wp-json\/wp\/v2\/posts\/8758\/revisions\/8768"}],"wp:featuredmedia":[{"embeddable":true,"href":"https:\/\/spacetux.org\/cpamoa\/wp-json\/wp\/v2\/media\/8760"}],"wp:attachment":[{"href":"https:\/\/spacetux.org\/cpamoa\/wp-json\/wp\/v2\/media?parent=8758"}],"wp:term":[{"taxonomy":"category","embeddable":true,"href":"https:\/\/spacetux.org\/cpamoa\/wp-json\/wp\/v2\/categories?post=8758"},{"taxonomy":"post_tag","embeddable":true,"href":"https:\/\/spacetux.org\/cpamoa\/wp-json\/wp\/v2\/tags?post=8758"}],"curies":[{"name":"wp","href":"https:\/\/api.w.org\/{rel}","templated":true}]}}