{"id":8829,"date":"2015-11-12T15:57:51","date_gmt":"2015-11-12T14:57:51","guid":{"rendered":"https:\/\/spacetux.org\/cpamoa\/?p=8829"},"modified":"2015-11-12T16:50:32","modified_gmt":"2015-11-12T15:50:32","slug":"mission-proxima-thomas-pesquet-a-devoile-aujourdhui-le-nom-de-sa-prochaine-mission","status":"publish","type":"post","link":"https:\/\/spacetux.org\/cpamoa\/2015\/11\/mission-proxima-thomas-pesquet-a-devoile-aujourdhui-le-nom-de-sa-prochaine-mission\/","title":{"rendered":"Mission Proxima : Thomas Pesquet a d\u00e9voil\u00e9 aujourd&rsquo;hui le nom de sa prochaine mission !"},"content":{"rendered":"<p>Aujourd&rsquo;hui, jeudi 12 novembre, date anniversaire de l&rsquo;atterrissage de Philae sur la com\u00e8te 67P-Tchuryumov-Gerasimenko, l&rsquo;astronaute fran\u00e7ais de l&rsquo;ESA Thomas Pesquet a r\u00e9v\u00e9l\u00e9 le nom de sa prochaine mission de six \u00e0 mois \u00e0 bord de l&rsquo;ISS. Il a choisi Proxima, en r\u00e9f\u00e9rence \u00e0 Proxima du Centaure, la plus proche \u00e9toile de notre Terre, situ\u00e9e \u00e0 4,2 ann\u00e9es-lumi\u00e8re. Thomas d\u00e9collera de Baikonour en novembre 2016 \u00e0 bord d&rsquo;une fus\u00e9e Soyouz.<\/p>\n<p>En avril dernier, l&rsquo;ESA avait lanc\u00e9 une comp\u00e9tition pour trouver un nom \u00e0 cette mission et c&rsquo;est un jeune toulousain de 13 ans, Samuel Planas, qui l&rsquo;a remport\u00e9e. Celui-ci explique : \u00ab\u00a0Proxima est la plus proche \u00e9toile de notre soleil et c&rsquo;est la premi\u00e8re destination la plus logique pour un voyage en dehors de notre syst\u00e8me solaire. Proxima fait \u00e9galement r\u00e9f\u00e9rence \u00e0 la fa\u00e7on dont les vols habit\u00e9s sont proches des gens sur Terre\u00a0\u00bb.<br \/>\n&nbsp;<\/p>\n<blockquote class=\"twitter-tweet\" lang=\"fr\">\n<p dir=\"ltr\" lang=\"fr\">Et voil\u00e0 le logo de la mission de <a href=\"https:\/\/twitter.com\/Thom_astro\">@Thom_astro<\/a> <a href=\"https:\/\/twitter.com\/esa\">@esa<\/a> <a href=\"https:\/\/t.co\/0dLWxC8jDh\">pic.twitter.com\/0dLWxC8jDh<\/a><\/p>\n<p>\u2014 Espace &amp; Exploration (@spaceexplore) <a href=\"https:\/\/twitter.com\/spaceexplore\/status\/664801665485287424\">12 Novembre 2015<\/a><\/p><\/blockquote>\n<p><script src=\"\/\/platform.twitter.com\/widgets.js\" async=\"\" charset=\"utf-8\"><\/script><\/p>\n<p>&nbsp;<br \/>\nL&rsquo;annonce a \u00e9t\u00e9 faite au cours d&rsquo;une conf\u00e9rence de presse qui a eu lieu au Minist\u00e8re fran\u00e7ais de l&rsquo;Enseignement Sup\u00e9rieur et de la Recherche \u00e0 Paris, en pr\u00e9sence du secr\u00e9taire d&rsquo;\u00e9tat charg\u00e9 de l&rsquo;enseignement sup\u00e9rieur et de la recherche Thierry Mandon, du Directeur G\u00e9n\u00e9ral de l&rsquo;ESA Johann-Dietrich W\u00f6rner et du pr\u00e9sident du CNES Jean-Yves Le Gall.<\/p>\n<p>&nbsp;<br \/>\n<a href=\"https:\/\/spacetux.org\/cpamoa\/wp-content\/uploads\/2015\/11\/Proxima.jpg\"><img loading=\"lazy\" decoding=\"async\" class=\"aligncenter wp-image-8830\" src=\"https:\/\/spacetux.org\/cpamoa\/wp-content\/uploads\/2015\/11\/Proxima.jpg\" alt=\"Logo de la mission Proxima de Thomas Pesquet\" width=\"600\" height=\"600\" srcset=\"https:\/\/spacetux.org\/cpamoa\/wp-content\/uploads\/2015\/11\/Proxima.jpg 1024w, https:\/\/spacetux.org\/cpamoa\/wp-content\/uploads\/2015\/11\/Proxima-150x150.jpg 150w, https:\/\/spacetux.org\/cpamoa\/wp-content\/uploads\/2015\/11\/Proxima-300x300.jpg 300w, https:\/\/spacetux.org\/cpamoa\/wp-content\/uploads\/2015\/11\/Proxima-175x175.jpg 175w, https:\/\/spacetux.org\/cpamoa\/wp-content\/uploads\/2015\/11\/Proxima-85x85.jpg 85w\" sizes=\"auto, (max-width: 600px) 100vw, 600px\" \/><\/a> \u00a0 <\/p>\n<p>Le logo continue sur le th\u00e8me de l&rsquo;exploration avec les train\u00e9es d&rsquo;\u00e9toiles \u00e9voquant les futurs voyages spatiaux et l&rsquo;exploration au-del\u00e0 de l&rsquo;orbite basse terrestre. Deux plan\u00e8tes stylis\u00e9es repr\u00e9sentent notre Terre et la Lune ou encore la Lune et Mars. Le &lsquo;X&rsquo; de Proxima est au centre du patch pour repr\u00e9senter l&rsquo;\u00e9toile Proxima du Centaure. Il repr\u00e9sente \u00e9galement l&rsquo;Inconnu de m\u00eame que le &lsquo;X&rsquo; en chiffre romain pour signifier que Thomas est le 10\u00e8me astronaute fran\u00e7ais \u00e0 voyager dans l&rsquo;Espace. Les trois lignes verticales sont une repr\u00e9sentation de la Station Spatiale Internationale de m\u00eame qu&rsquo;elles repr\u00e9sentent les couleurs de la Terre, la Lune et Mars. Elles repr\u00e9sentent \u00e9galement les couleurs du drapeau fran\u00e7ais. Thomas est tr\u00e8s content du nom de la mission et du logo. \u00ab\u00a0Cela remplit toutes les cases que j&rsquo;avais en m\u00e9moire en continuant la tradition de nommer les missions des astronautes fran\u00e7ais [du nom d&rsquo;\u00e9toiles ou de constellations] et en reconnaissant l&rsquo;h\u00e9ritage des vols habit\u00e9s jusqu&rsquo;\u00e0 pr\u00e9sent, tout en \u00e9tant tourn\u00e9 vers l&rsquo;avenir\u00a0et en \u00e9tant futuriste.\u00a0\u00bb Au cours de sa mission, Thomas Pesquet r\u00e9alisera 150 \u00e0 200 exp\u00e9riences dont 55 exp\u00e9riences scientifiques pour le compte de l&rsquo;ESA, parmi lesquelles 15 pour le CNES (dont\u00a07 pour <a href=\"https:\/\/cadmos.cnes.fr\/\" target=\"_blank\">le CADMOS<\/a>, le Centre d&rsquo;Aide au D\u00e9veloppement des Activit\u00e9s en Micropesanteur et des Op\u00e9rations Spatiales du CNES qui pr\u00e9pare, organise et assure le suivi des exp\u00e9riences qui sont emmen\u00e9es en micropesanteur.)<\/p>\n<p>&nbsp;<\/p>\n<blockquote class=\"twitter-tweet\" lang=\"fr\"><p>Exp\u00e9riences de <a href=\"https:\/\/twitter.com\/Thom_astro\">@Thom_astro<\/a>. Physique des fluides en apesanteur : tr\u00e8s utile pour les r\u00e9servoirs des futurs satellites, sondes et vaisseaux. \u2014 Cit\u00e9 de l&rsquo;espace (@CiteEspace) <a href=\"https:\/\/twitter.com\/CiteEspace\/status\/664808012742336512\">12 Novembre 2015<\/a><\/p><\/blockquote>\n<p><script src=\"\/\/platform.twitter.com\/widgets.js\" async=\"\" charset=\"utf-8\"><\/script><\/p>\n<blockquote class=\"twitter-tweet\" lang=\"fr\">\n<p dir=\"ltr\" lang=\"fr\"><a href=\"https:\/\/twitter.com\/hashtag\/thomasmission?src=hash\">#thomasmission<\/a> : des exp\u00e9riences en physiologie humaine, env. spatial (\u00e9tudes des radiations, bio-contamination), physique des fluides 1\/2<\/p>\n<p>\u2014 Sup\u00e9rieur&amp;Recherche (@sup_recherche) <a href=\"https:\/\/twitter.com\/sup_recherche\/status\/664807764649246720\">12 Novembre 2015<\/a><\/p><\/blockquote>\n<blockquote class=\"twitter-tweet\" lang=\"fr\">\n<p dir=\"ltr\" lang=\"fr\"><a href=\"https:\/\/twitter.com\/hashtag\/thomasmission?src=hash\">#thomasmission<\/a>: physique fondamentale (pour titiller la th\u00e9orie de la relativit\u00e9 \ud83d\ude42 science des mat\u00e9riaux, et \u00e9ducation 2\/2<\/p>\n<p>\u2014 Sup\u00e9rieur&amp;Recherche (@sup_recherche) <a href=\"https:\/\/twitter.com\/sup_recherche\/status\/664808366582202368\">12 Novembre 2015<\/a><\/p><\/blockquote>\n<p><script src=\"\/\/platform.twitter.com\/widgets.js\" async=\"\" charset=\"utf-8\"><\/script><\/p>\n<blockquote class=\"twitter-tweet\" lang=\"fr\"><p>La physique fondamentale a sa place dans la mission de <a href=\"https:\/\/twitter.com\/Thom_astro\">@Thom_astro<\/a> avec des applications concr\u00e8tes envisag\u00e9es (alliages, combustion, etc.). \u2014 Cit\u00e9 de l&rsquo;espace (@CiteEspace) <a href=\"https:\/\/twitter.com\/CiteEspace\/status\/664808453031010304\">12 Novembre 2015<\/a><\/p><\/blockquote>\n<p><script src=\"\/\/platform.twitter.com\/widgets.js\" async=\"\" charset=\"utf-8\"><\/script><\/p>\n<p>&nbsp;<br \/>\nIl emportera avec lui dans l&rsquo;espace le texte de la COP21 (la 21\u00e8me conf\u00e9rence sur les changements climatiques qui aura lieu \u00e0 Paris d\u00e9but d\u00e9cembre 2015) ainsi qu&rsquo;un drapeau fran\u00e7ais qui lui a \u00e9t\u00e9 transmis par le secr\u00e9taire d&rsquo;\u00e9tat Thierry Mandon au cours de la conf\u00e9rence.<\/p>\n<p>&nbsp;<\/p>\n<blockquote class=\"twitter-tweet\" data-partner=\"tweetdeck\"><p>Un drapeau remis \u00e0 <a href=\"https:\/\/twitter.com\/Thom_astro\">@Thom_astro<\/a> par Ministre du <a href=\"https:\/\/twitter.com\/sup_recherche\">@sup_recherche<\/a> pour \u00eatre emmen\u00e9 \u00e0 bord de l&rsquo;ISS par mission PROXIMA <a href=\"https:\/\/t.co\/x90GSpWPx9\">pic.twitter.com\/x90GSpWPx9<\/a> \u2014 Stephane SEBILE (@spacemen1969) <a href=\"https:\/\/twitter.com\/spacemen1969\/status\/664806285305651200\">November 12, 2015<\/a><\/p><\/blockquote>\n<p><script src=\"\/\/platform.twitter.com\/widgets.js\" async=\"\" charset=\"utf-8\"><\/script><\/p>\n<p>&nbsp;<br \/>\nA l&rsquo;heure actuelle, Thomas a d\u00e9j\u00e0 effectu\u00e9 3\/4 de l&rsquo;entra\u00eenement pour le vaisseau Soyouz et 4\/5 pour l&rsquo;ISS. Il \u00e9tait a Houston avant cette conf\u00e9rence de Presse, et il partira pour La Cit\u00e9 des Etoiles ces prochains jours. Son entra\u00eenement\u00a0va continuer au cours de l&rsquo;ann\u00e9e qui suit. Il d\u00e9collera \u00e0 bord du vaisseau Soyouz en compagnie de Peggy Whitson de la NASA et Oleg Novitskiy de Roscosmos. \u00a0 <\/p>\n<blockquote class=\"twitter-tweet\" lang=\"fr\"><p>\nLes co\u00e9quipiers de <a href=\"https:\/\/twitter.com\/Thom_astro\">@Thom_astro<\/a> seront Peggy Whitson (<a href=\"https:\/\/twitter.com\/NASA\">@NASA<\/a>) et Oleg Novitskiy (<a href=\"https:\/\/twitter.com\/fka_roscosmos\">@fka_roscosmos<\/a>) <a href=\"https:\/\/twitter.com\/hashtag\/MissionProxima?src=hash\">#MissionProxima<\/a> <a href=\"https:\/\/t.co\/NnapbDaP1g\">pic.twitter.com\/NnapbDaP1g<\/a><\/p>\n<p>\u2014 ESA France (@ESA_fr) <a href=\"https:\/\/twitter.com\/ESA_fr\/status\/664814373156872192\">12 Novembre 2015<\/a>\n<\/p><\/blockquote>\n<p><script src=\"\/\/platform.twitter.com\/widgets.js\" async=\"\" charset=\"utf-8\"><\/script><\/p>\n<p>&nbsp;<br \/>\nThomas Pesquet r\u00e9pondra aux questions des internautes ce soir, jeudi 12 Novembre, <a href=\"https:\/\/www.facebook.com\/CNESFrance\/photos\/a.281179115300.314771.107925625300\/10156239288940301\" target=\"_blank\">sur la page Facebook du CNES<\/a> entre 21h et 22h.<\/p>\n<p>&nbsp;<\/p>\n<p><strong>Sources :<\/strong><\/p>\n<p>&#8211; Twitter<\/p>\n<p>&#8211;\u00a0Communiqu\u00e9 de Presse <a href=\"http:\/\/www.esa.int\/Our_Activities\/Human_Spaceflight\/Astronauts\/Thomas_Pesquet_closer_to_space_with_mission_name_Proxima\" target=\"_blank\">en anglais<\/a> sur le site de l&rsquo;ESA. (<a href=\"http:\/\/www.esa.int\/fre\/ESA_in_your_country\/France\/Proxima_Thomas_Pesquet_un_peu_plus_pres_des_etoiles\" target=\"_blank\">Version fran\u00e7aise ici<\/a>)<\/p>\n","protected":false},"excerpt":{"rendered":"<p>Aujourd&rsquo;hui, jeudi 12 novembre, date anniversaire de l&rsquo;atterrissage de Philae sur la com\u00e8te 67P-Tchuryumov-Gerasimenko, l&rsquo;astronaute fran\u00e7ais de l&rsquo;ESA Thomas Pesquet a r\u00e9v\u00e9l\u00e9 le nom de sa prochaine mission de six \u00e0 mois \u00e0 bord de l&rsquo;ISS. Il a choisi Proxima, en r\u00e9f\u00e9rence \u00e0 Proxima du Centaure, la plus proche \u00e9toile de notre Terre, situ\u00e9e \u00e0 4,2 ann\u00e9es-lumi\u00e8re. Thomas d\u00e9collera de Baikonour en novembre 2016 \u00e0 bord d&rsquo;une fus\u00e9e Soyouz. En avril dernier, l&rsquo;ESA avait lanc\u00e9 une comp\u00e9tition pour trouver un<\/p>\n","protected":false},"author":1,"featured_media":8830,"comment_status":"open","ping_status":"open","sticky":false,"template":"","format":"standard","meta":{"footnotes":""},"categories":[187],"tags":[947,587],"class_list":["post-8829","post","type-post","status-publish","format-standard","has-post-thumbnail","hentry","category-astronautes","tag-mission-proxima","tag-thomas-pesquet"],"jetpack_featured_media_url":"https:\/\/spacetux.org\/cpamoa\/wp-content\/uploads\/2015\/11\/Proxima.jpg","jetpack_shortlink":"https:\/\/wp.me\/p4aZXT-2ip","_links":{"self":[{"href":"https:\/\/spacetux.org\/cpamoa\/wp-json\/wp\/v2\/posts\/8829","targetHints":{"allow":["GET"]}}],"collection":[{"href":"https:\/\/spacetux.org\/cpamoa\/wp-json\/wp\/v2\/posts"}],"about":[{"href":"https:\/\/spacetux.org\/cpamoa\/wp-json\/wp\/v2\/types\/post"}],"author":[{"embeddable":true,"href":"https:\/\/spacetux.org\/cpamoa\/wp-json\/wp\/v2\/users\/1"}],"replies":[{"embeddable":true,"href":"https:\/\/spacetux.org\/cpamoa\/wp-json\/wp\/v2\/comments?post=8829"}],"version-history":[{"count":4,"href":"https:\/\/spacetux.org\/cpamoa\/wp-json\/wp\/v2\/posts\/8829\/revisions"}],"predecessor-version":[{"id":8834,"href":"https:\/\/spacetux.org\/cpamoa\/wp-json\/wp\/v2\/posts\/8829\/revisions\/8834"}],"wp:featuredmedia":[{"embeddable":true,"href":"https:\/\/spacetux.org\/cpamoa\/wp-json\/wp\/v2\/media\/8830"}],"wp:attachment":[{"href":"https:\/\/spacetux.org\/cpamoa\/wp-json\/wp\/v2\/media?parent=8829"}],"wp:term":[{"taxonomy":"category","embeddable":true,"href":"https:\/\/spacetux.org\/cpamoa\/wp-json\/wp\/v2\/categories?post=8829"},{"taxonomy":"post_tag","embeddable":true,"href":"https:\/\/spacetux.org\/cpamoa\/wp-json\/wp\/v2\/tags?post=8829"}],"curies":[{"name":"wp","href":"https:\/\/api.w.org\/{rel}","templated":true}]}}