{"id":8883,"date":"2016-03-16T12:19:44","date_gmt":"2016-03-16T11:19:44","guid":{"rendered":"https:\/\/spacetux.org\/cpamoa\/?p=8883"},"modified":"2016-03-31T20:06:16","modified_gmt":"2016-03-31T18:06:16","slug":"meeteso-je-vais-visiter-paranal-et-alma-en-mai","status":"publish","type":"post","link":"https:\/\/spacetux.org\/cpamoa\/2016\/03\/meeteso-je-vais-visiter-paranal-et-alma-en-mai\/","title":{"rendered":"#MeetESO : Je vais visiter les observatoires de Paranal et ALMA en Mai !"},"content":{"rendered":"<p>[<a href=\"https:\/\/spacetux.org\/cpamoa\/2016\/03\/meeteso-i-am-going-to-visit-paranal-and-alma-observatories-in-may\/\">english blog post here<\/a>]<\/p>\n<p>Et voil\u00e0 ! <a href=\"http:\/\/www.eso.org\/public\/france\/\" target=\"_blank\">L&rsquo;ESO (l&rsquo;Observatoire Europ\u00e9en Austral)<\/a> l&rsquo;a annonc\u00e9 officiellement, je peux maintenant partager ma joie :<\/p>\n<p><strong><a href=\"http:\/\/www.eso.org\/public\/france\/announcements\/ann16015\/\" target=\"_blank\">J&rsquo;ai \u00e9t\u00e9 s\u00e9lectionn\u00e9e avec 7 autres personnes<\/a> (parmi plus de 250 candidats) pour visiter les observatoires de <a href=\"http:\/\/www.eso.org\/public\/france\/teles-instr\/paranal\/\" target=\"_blank\">Paranal<\/a> et <a href=\"http:\/\/www.eso.org\/public\/france\/teles-instr\/alma\/\" target=\"_blank\">ALMA<\/a> au Chili du 7 au 12 mai prochain. \\o\/<\/strong><\/p>\n<p>&nbsp;<\/p>\n<p><a href=\"https:\/\/www.eso.org\/public\/images\/ann16010a\/\" rel=\"attachment wp-att-8917\"><img loading=\"lazy\" decoding=\"async\" class=\"aligncenter wp-image-8917\" src=\"https:\/\/spacetux.org\/cpamoa\/wp-content\/uploads\/2016\/03\/MeetESO2016.jpg\" alt=\"Cr\u00e9dit : ESO\/C. Malin\" width=\"600\" height=\"399\" srcset=\"https:\/\/spacetux.org\/cpamoa\/wp-content\/uploads\/2016\/03\/MeetESO2016.jpg 1280w, https:\/\/spacetux.org\/cpamoa\/wp-content\/uploads\/2016\/03\/MeetESO2016-300x200.jpg 300w, https:\/\/spacetux.org\/cpamoa\/wp-content\/uploads\/2016\/03\/MeetESO2016-768x511.jpg 768w, https:\/\/spacetux.org\/cpamoa\/wp-content\/uploads\/2016\/03\/MeetESO2016-1024x682.jpg 1024w\" sizes=\"auto, (max-width: 600px) 100vw, 600px\" \/><\/a><\/p>\n<p>&nbsp;<\/p>\n<p><a href=\"http:\/\/www.eso.org\/public\/events\/special-evt\/MeetESO\/\" target=\"_blank\">Le concours<\/a> a\u00a0\u00e9t\u00e9 lanc\u00e9 le 15 f\u00e9vrier dernier : l&rsquo;ESO a propos\u00e9\u00a0\u00e0 8\u00a0utilisateurs des m\u00e9dias sociaux ayant un int\u00e9r\u00eat pour l&rsquo;astronomie de visiter deux de ses observatoires\u00a0les plus embl\u00e9matiques : Paranal (dont on voit une partie des t\u00e9lescopes sur la photo ci-dessus) et ALMA\u00a0(voir\u00a0la photo ci-dessous) et d&rsquo;observer le 9 mai depuis Paranal le transit de Mercure devant le soleil. Je remplissais toutes les conditions pour postuler :<\/p>\n<p>&#8211; \u00eatre un utilisateur enthousiaste et exp\u00e9riment\u00e9 de Twitter et\/ou Facebook<br \/>\n&#8211; Avoir au moins 18 ans<br \/>\n&#8211; Etre un ressortissant de l&rsquo;un des pays du <a href=\"http:\/\/www.eso.org\/public\/france\/outreach\/partnerships\/eson\/\" target=\"_blank\">r\u00e9seau ESON<\/a><br \/>\n&#8211; Etre capable d&rsquo;avoir une conversation en anglais<br \/>\n&#8211; Aimer\u00a0l&rsquo;astronomie et l&rsquo;espace<\/p>\n<p>Pour \u00eatre s\u00e9lectionn\u00e9, remplir un formulaire n&rsquo;\u00e9tait pas suffisant, il fallait encore montrer qu&rsquo;on pouvait trouver un soutien\u00a0aupr\u00e8s de nos abonn\u00e9s des m\u00e9dias sociaux\u00a0et\u00a0qu&rsquo;on aimait partager des contenus int\u00e9ressants avec eux.<\/p>\n<p>J&rsquo;ai donc bataill\u00e9 pendant 3 semaines sur deux fronts : obtenir un maximum de support de mes abonn\u00e9s, \u00e0 la fois sur Facebook et Twitter, et partager des informations pour leur permettre de mieux conna\u00eetre\u00a0l&rsquo;ESO.<\/p>\n<p>Mes deux sources principales d&rsquo;informations ont \u00e9t\u00e9 <a href=\"http:\/\/www.eso.org\/public\/france\/\" target=\"_blank\">le site internet de l&rsquo;ESO<\/a> (dont une bonne partie est traduite en fran\u00e7ais) et <a href=\"https:\/\/www.youtube.com\/user\/ESOobservatory\" target=\"_blank\">sa cha\u00eene Youtube<\/a> dont\u00a0une partie des vid\u00e9os sont sous-titr\u00e9es en fran\u00e7ais.<\/p>\n<p>&nbsp;<\/p>\n<div id=\"attachment_8919\" style=\"width: 610px\" class=\"wp-caption aligncenter\"><a href=\"http:\/\/www.eso.org\/public\/france\/images\/potw1238a\/\" rel=\"attachment wp-att-8919\"><img loading=\"lazy\" decoding=\"async\" aria-describedby=\"caption-attachment-8919\" class=\"wp-image-8919\" src=\"https:\/\/spacetux.org\/cpamoa\/wp-content\/uploads\/2016\/03\/ALMA2.jpg\" alt=\"Les antennes d'Alma sous les \u00e9toiles (Cr\u00e9dit : ESO \/ B. Tafreshi)\" width=\"600\" height=\"225\" srcset=\"https:\/\/spacetux.org\/cpamoa\/wp-content\/uploads\/2016\/03\/ALMA2.jpg 1280w, https:\/\/spacetux.org\/cpamoa\/wp-content\/uploads\/2016\/03\/ALMA2-300x113.jpg 300w, https:\/\/spacetux.org\/cpamoa\/wp-content\/uploads\/2016\/03\/ALMA2-768x288.jpg 768w, https:\/\/spacetux.org\/cpamoa\/wp-content\/uploads\/2016\/03\/ALMA2-1024x384.jpg 1024w\" sizes=\"auto, (max-width: 600px) 100vw, 600px\" \/><\/a><p id=\"caption-attachment-8919\" class=\"wp-caption-text\">Les antennes d&rsquo;ALMA sous les \u00e9toiles (Cr\u00e9dit : ESO \/ B. Tafreshi)<\/p><\/div>\n<p>&nbsp;<\/p>\n<p>Il semblerait\u00a0que mes efforts aient\u00a0pay\u00e9.\u00a0<a href=\"https:\/\/spacetux.org\/cpamoa\/category\/actualite\/tweetup-2\/\" target=\"_blank\">Mon pass\u00e9 d&rsquo;accro aux tweetups<\/a>, comme j&rsquo;aime \u00e0 me d\u00e9finir, (\u00ab\u00a0Bonjour, je m&rsquo;appelle Anne et je suis une tweetup-addict\u00a0\u00bb ;)) ainsi qu&rsquo;un int\u00e9r\u00eat pour l&rsquo;<a href=\"https:\/\/www.flickr.com\/photos\/60110632@N03\/albums\/72157631793080231\" target=\"_blank\">astrophotographie<\/a>\u00a0ont sans doutes \u00e9t\u00e9 pris en compte.<\/p>\n<p>&nbsp;<\/p>\n<p><strong>Merci pour votre soutien !<\/strong><\/p>\n<p>Je voudrais remercier les lecteurs de ce blog et tous ceux\u00a0qui m&rsquo;ont apport\u00e9 leur pr\u00e9cieux soutien. J&rsquo;esp\u00e8re que je ne vous d\u00e9cevrai pas. Je ferai de mon mieux pour vous emmener tous avec moi dans ce voyage en tweetant, bloguant et photographiant ce que je verrai sur place.<\/p>\n<p>&nbsp;<\/p>\n<p><strong>O\u00f9 allons-nous\u00a0?<\/strong><\/p>\n<p>Voici ci-dessous une carte localisant l&#8217;emplacement de chacun des observatoires de l&rsquo;ESO.<\/p>\n<div id=\"attachment_8999\" style=\"width: 610px\" class=\"wp-caption aligncenter\"><a href=\"https:\/\/spacetux.org\/cpamoa\/2016\/03\/meeteso-je-vais-visiter-paranal-et-alma-en-mai\/eso-observatories-topographic-route-map\/\" rel=\"attachment wp-att-8999\"><img loading=\"lazy\" decoding=\"async\" aria-describedby=\"caption-attachment-8999\" class=\"wp-image-8999\" src=\"https:\/\/spacetux.org\/cpamoa\/wp-content\/uploads\/2016\/03\/ESO-Sites-Chile.jpg\" alt=\"L'ESO exploite trois observatoires au Chili sur les montagnes de La Silla, Cerro Paranal (o\u00f9 se situe le VLT) et sur le plateau de Chajnantor (o\u00f9 se situent les 66 antennes d'Alma) (Cr\u00e9dit : ESO)\" width=\"600\" height=\"409\" srcset=\"https:\/\/spacetux.org\/cpamoa\/wp-content\/uploads\/2016\/03\/ESO-Sites-Chile.jpg 1280w, https:\/\/spacetux.org\/cpamoa\/wp-content\/uploads\/2016\/03\/ESO-Sites-Chile-300x205.jpg 300w, https:\/\/spacetux.org\/cpamoa\/wp-content\/uploads\/2016\/03\/ESO-Sites-Chile-768x524.jpg 768w, https:\/\/spacetux.org\/cpamoa\/wp-content\/uploads\/2016\/03\/ESO-Sites-Chile-1024x698.jpg 1024w\" sizes=\"auto, (max-width: 600px) 100vw, 600px\" \/><\/a><p id=\"caption-attachment-8999\" class=\"wp-caption-text\">Cr\u00e9dit : ESO<\/p><\/div>\n<p>&nbsp;<\/p>\n<p>L&rsquo;ESO exploite trois observatoires au Chili : Un sur la montagne de <a href=\"http:\/\/www.eso.org\/public\/france\/teles-instr\/lasilla\/\" target=\"_blank\">La Silla<\/a>, un au sommet de Paranal (o\u00f9 se situe le <a href=\"http:\/\/www.eso.org\/public\/france\/teles-instr\/paranal\/\" target=\"_blank\">VLT (Very Large Telescope)<\/a>) et un sur le plateau de Chajnantor (o\u00f9 se situent les 66 antennes d&rsquo;ALMA<a href=\"http:\/\/www.eso.org\/public\/france\/teles-instr\/alma\/\" target=\"_blank\">\u00a0(Atacama Large Millimeter\/submillimeter Array)<\/a>). Un quatri\u00e8me observatoire, le <a href=\"http:\/\/www.eso.org\/public\/france\/teles-instr\/e-elt\/\">E-ELT (European Extremely Large Telescope)<\/a>, est en cours de construction sur le Cerro Armazones (Cerro signifie &lsquo;Mont&rsquo; en espagnol).<\/p>\n<p>Comme mentionn\u00e9 ci-dessus, nous allons donc nous rendre dans un premier temps \u00e0 Paranal. Nous y passerons deux\u00a0jours au cours desquels nous pourrons observer le transit de Mercure, discuter avec du personnel de l&rsquo;ESO et visiter les installations. Et deux\u00a0nuits pendant lesquelles nous pourrons faire des observations \u00e0 l&rsquo;aide de t\u00e9lescopes amateurs.<\/p>\n<p>S&rsquo;il nous reste du temps pour dormir (!), nous pourrons profiter du confort des chambres de La Residencia, qui est le lieu de repos des astronomes et qui a servi de d\u00e9cor \u00e0\u00a0l&rsquo;un des films de James Bond, \u00ab\u00a0Quantum of Solace\u00a0\u00bb (C&rsquo;est le rep\u00e8re du vilain <a href=\"https:\/\/www.youtube.com\/watch?v=xDQxyzk28MM\" target=\"_blank\">qui est d\u00e9truit \u00e0 la fin du film<\/a>).<\/p>\n<p>&nbsp;<\/p>\n<div id=\"attachment_9001\" style=\"width: 610px\" class=\"wp-caption aligncenter\"><a href=\"https:\/\/spacetux.org\/cpamoa\/2016\/03\/meeteso-je-vais-visiter-paranal-et-alma-en-mai\/the-paranal-residencia\/\" rel=\"attachment wp-att-9001\"><img loading=\"lazy\" decoding=\"async\" aria-describedby=\"caption-attachment-9001\" class=\"wp-image-9001\" src=\"https:\/\/spacetux.org\/cpamoa\/wp-content\/uploads\/2016\/03\/ESO-La-Residencia.jpg\" alt=\"La fa\u00e7ade de la Residencia surplomb\u00e9e au loin par les t\u00e9lescopes (Cr\u00e9dit : Gerd H\u00fcdepohl (atacamaphoto.com)\" width=\"600\" height=\"393\" srcset=\"https:\/\/spacetux.org\/cpamoa\/wp-content\/uploads\/2016\/03\/ESO-La-Residencia.jpg 1280w, https:\/\/spacetux.org\/cpamoa\/wp-content\/uploads\/2016\/03\/ESO-La-Residencia-300x197.jpg 300w, https:\/\/spacetux.org\/cpamoa\/wp-content\/uploads\/2016\/03\/ESO-La-Residencia-768x503.jpg 768w, https:\/\/spacetux.org\/cpamoa\/wp-content\/uploads\/2016\/03\/ESO-La-Residencia-1024x671.jpg 1024w, https:\/\/spacetux.org\/cpamoa\/wp-content\/uploads\/2016\/03\/ESO-La-Residencia-260x170.jpg 260w\" sizes=\"auto, (max-width: 600px) 100vw, 600px\" \/><\/a><p id=\"caption-attachment-9001\" class=\"wp-caption-text\">La fa\u00e7ade de La Residencia surplomb\u00e9e au loin par les t\u00e9lescopes (Cr\u00e9dit : Gerd H\u00fcdepohl (atacamaphoto.com))<\/p><\/div>\n<p>&nbsp;<\/p>\n<p>Puis nous mettrons le cap vers San Pedro de Atacama, petit village (bon, 5000 habitants quand m\u00eame) situ\u00e9 au milieu du d\u00e9sert, o\u00f9 nous passerons la nuit.\u00a0Le lendemain nous passerons la journ\u00e9e sur le site d&rsquo;ALMA, situ\u00e9 sur le plateau de Chajnantor. Nous nous rendrons d&rsquo;abord \u00e0 2900m\u00a0d&rsquo;altitude o\u00f9 se situent les b\u00e2timents de l&rsquo;OSF (Operations Support Facility). C&rsquo;est l\u00e0 o\u00f9 se trouvent entre autre\u00a0la salle de contr\u00f4le d&rsquo;ALMA et les b\u00e2timents de maintenance. Nous\u00a0passerons\u00a0un contr\u00f4le m\u00e9dical avant de nous rendre \u00e0 5000m d&rsquo;altitude pour aller au plus proche des 66 antennes du r\u00e9seau ALMA.<\/p>\n<p>&nbsp;<\/p>\n<div id=\"attachment_9002\" style=\"width: 610px\" class=\"wp-caption aligncenter\"><a href=\"https:\/\/spacetux.org\/cpamoa\/2016\/03\/meeteso-je-vais-visiter-paranal-et-alma-en-mai\/the-final-alma-antenna-arrives-at-chajnantor\/\" rel=\"attachment wp-att-9002\"><img loading=\"lazy\" decoding=\"async\" aria-describedby=\"caption-attachment-9002\" class=\"wp-image-9002\" src=\"https:\/\/spacetux.org\/cpamoa\/wp-content\/uploads\/2016\/03\/ESO-Alma-Radiotelescope.jpg\" alt=\"Arriv\u00e9e de la 66\u00e8me et derni\u00e8re Antenne sur le site d'Alma, \u00e0 5000 m\u00e8tres d'altitude (Cr\u00e9dit : A. Marinkovic\/X-Cam\/ALMA (ESO\/NAOJ\/NRAO)\" width=\"600\" height=\"408\" srcset=\"https:\/\/spacetux.org\/cpamoa\/wp-content\/uploads\/2016\/03\/ESO-Alma-Radiotelescope.jpg 1280w, https:\/\/spacetux.org\/cpamoa\/wp-content\/uploads\/2016\/03\/ESO-Alma-Radiotelescope-300x204.jpg 300w, https:\/\/spacetux.org\/cpamoa\/wp-content\/uploads\/2016\/03\/ESO-Alma-Radiotelescope-768x523.jpg 768w, https:\/\/spacetux.org\/cpamoa\/wp-content\/uploads\/2016\/03\/ESO-Alma-Radiotelescope-1024x697.jpg 1024w\" sizes=\"auto, (max-width: 600px) 100vw, 600px\" \/><\/a><p id=\"caption-attachment-9002\" class=\"wp-caption-text\">Arriv\u00e9e en octobre 2013 de la 66\u00e8me et derni\u00e8re Antenne sur le site d&rsquo;ALMA, \u00e0 5000 m\u00e8tres d&rsquo;altitude (Cr\u00e9dit : A. Marinkovic\/X-Cam\/ALMA (ESO\/NAOJ\/NRAO)<\/p><\/div>\n<p>&nbsp;<\/p>\n<p>A la fin de la journ\u00e9e, retour \u00e0 San Pedro de Atacama pour y passer la nuit et le lendemain, ce sera le moment\u00a0de revenir \u00e0 Santiago via l&rsquo;a\u00e9roport de Calama. Le voyage touchera \u00e0 sa fin&#8230;<\/p>\n<p>&nbsp;<\/p>\n<p><strong>Suivez\u00a0l&rsquo;aventure\u00a0sur Twitter et Facebook\u00a0!<br \/>\n<\/strong><\/p>\n<ul>\n<li>Sur twitter, vous pourrez suivre l&rsquo;aventure gr\u00e2ce <a href=\"https:\/\/twitter.com\/search?q=%23MeetESO\" target=\"_blank\">au hashtag #MeetESO<\/a><\/li>\n<li>Si vous \u00eates sur twitter, n&rsquo;h\u00e9sitez pas \u00e0 me suivre : <a href=\"https:\/\/twitter.com\/cpamoa\" target=\"_blank\">cpamoa<\/a> c&rsquo;est moi \ud83d\ude09<\/li>\n<li>Sur Twitter vous pouvez \u00e9galement suivre les autres participants <a href=\"https:\/\/twitter.com\/peSHIr\/lists\/meeteso\" target=\"_blank\">via cette liste<\/a><\/li>\n<li>Sur Facebook,\u00a0<a href=\"https:\/\/www.facebook.com\/groups\/550910808391877\" target=\"_blank\">dans le groupe #MeetESO<\/a><\/li>\n<li>Sur Facebook, <a href=\"https:\/\/www.facebook.com\/blogcpamoa\/\" target=\"_blank\">sur la page Facebook du blog<\/a>.<\/li>\n<li>Vous pouvez \u00e9galement suivre <a href=\"https:\/\/twitter.com\/eso_france\" target=\"_blank\">le compte twitter de l&rsquo;ESO en fran\u00e7ais<\/a> et <a href=\"https:\/\/www.facebook.com\/ESO-France-340375376013182\" target=\"_blank\">sa page Facebook (en fran\u00e7ais \u00e9galement)<\/a><\/li>\n<li>Si l&rsquo;anglais ne vous fait pas peur, voici <a href=\"https:\/\/twitter.com\/eso\" target=\"_blank\">le compte twitter de l&rsquo;ESO<\/a> et <a href=\"https:\/\/www.facebook.com\/ESOAstronomy\" target=\"_blank\">sa page Facebook<\/a>, les deux en anglais<\/li>\n<\/ul>\n<p>&nbsp;<\/p>\n<p><strong>Pour en savoir plus sur l&rsquo;ESO&#8230;<\/strong><\/p>\n<p>En attendant de vous en dire un peu plus\u00a0sur l&rsquo;ESO dans un prochain article, je vous invite \u00e0 visiter ces deux Storify que j&rsquo;ai cr\u00e9es :<\/p>\n<p>&#8211; <a href=\"https:\/\/storify.com\/cpamoa\/courte-presentation-de-l-eso-en-24-tweets\" target=\"_blank\">Courte pr\u00e9sentation de l&rsquo;ESO en 24 tweets et en fran\u00e7ais !<\/a><\/p>\n<div class=\"storify\"><iframe loading=\"lazy\" src=\"\/\/storify.com\/cpamoa\/courte-presentation-de-l-eso-en-24-tweets\/embed\" width=\"100%\" height=\"750\" frameborder=\"no\"><\/iframe><script src=\"\/\/storify.com\/cpamoa\/courte-presentation-de-l-eso-en-24-tweets.js\"><\/script><noscript>[&amp;amp;amp;lt;a href=\u00a0\u00bb\/\/storify.com\/cpamoa\/courte-presentation-de-l-eso-en-24-tweets\u00a0\u00bb target=\u00a0\u00bb_blank\u00a0\u00bb&amp;amp;amp;gt;View the story \u00ab\u00a0#MeetESO\u00a0\u00bb on Storify&amp;amp;amp;lt;\/a&amp;amp;amp;gt;]<\/noscript><\/div>\n<p>&nbsp;<\/p>\n<p>&nbsp;<\/p>\n<p>&#8211; <a href=\"https:\/\/storify.com\/cpamoa\/meeteso-l-e-elt-european-extremely-large-telescope\" target=\"_blank\">Pr\u00e9sentation de L&rsquo;E-ELT, le futur tr\u00e8s tr\u00e8s gros t\u00e9lescope de l&rsquo;ESO<\/a><\/p>\n<div class=\"storify\"><iframe loading=\"lazy\" src=\"\/\/storify.com\/cpamoa\/meeteso-l-e-elt-european-extremely-large-telescope\/embed\" width=\"100%\" height=\"750\" frameborder=\"no\"><\/iframe><script src=\"\/\/storify.com\/cpamoa\/meeteso-l-e-elt-european-extremely-large-telescope.js\"><\/script><noscript>[&amp;amp;amp;lt;a href=\u00a0\u00bb\/\/storify.com\/cpamoa\/meeteso-l-e-elt-european-extremely-large-telescope\u00a0\u00bb target=\u00a0\u00bb_blank\u00a0\u00bb&amp;amp;amp;gt;View the story \u00ab\u00a0#MeetESO &#8211; l&rsquo;E-ELT (European Extremely Large Telescope)\u00a0\u00bb on Storify&amp;amp;amp;lt;\/a&amp;amp;amp;gt;]<\/noscript><\/div>\n<p>&nbsp;<\/p>\n","protected":false},"excerpt":{"rendered":"<p>[english blog post here] Et voil\u00e0 ! L&rsquo;ESO (l&rsquo;Observatoire Europ\u00e9en Austral) l&rsquo;a annonc\u00e9 officiellement, je peux maintenant partager ma joie : J&rsquo;ai \u00e9t\u00e9 s\u00e9lectionn\u00e9e avec 7 autres personnes (parmi plus de 250 candidats) pour visiter les observatoires de Paranal et ALMA au Chili du 7 au 12 mai prochain. \\o\/ &nbsp; &nbsp; Le concours a\u00a0\u00e9t\u00e9 lanc\u00e9 le 15 f\u00e9vrier dernier : l&rsquo;ESO a propos\u00e9\u00a0\u00e0 8\u00a0utilisateurs des m\u00e9dias sociaux ayant un int\u00e9r\u00eat pour l&rsquo;astronomie de visiter deux de ses observatoires\u00a0les plus<\/p>\n","protected":false},"author":1,"featured_media":8917,"comment_status":"open","ping_status":"open","sticky":false,"template":"","format":"standard","meta":{"footnotes":""},"categories":[188,205],"tags":[960,958,767,965,959],"class_list":["post-8883","post","type-post","status-publish","format-standard","has-post-thumbnail","hentry","category-astronomie","category-tweetup-2","tag-meeteso","tag-alma","tag-eso","tag-mercure","tag-paranal"],"jetpack_featured_media_url":"https:\/\/spacetux.org\/cpamoa\/wp-content\/uploads\/2016\/03\/MeetESO2016.jpg","jetpack_shortlink":"https:\/\/wp.me\/p4aZXT-2jh","_links":{"self":[{"href":"https:\/\/spacetux.org\/cpamoa\/wp-json\/wp\/v2\/posts\/8883","targetHints":{"allow":["GET"]}}],"collection":[{"href":"https:\/\/spacetux.org\/cpamoa\/wp-json\/wp\/v2\/posts"}],"about":[{"href":"https:\/\/spacetux.org\/cpamoa\/wp-json\/wp\/v2\/types\/post"}],"author":[{"embeddable":true,"href":"https:\/\/spacetux.org\/cpamoa\/wp-json\/wp\/v2\/users\/1"}],"replies":[{"embeddable":true,"href":"https:\/\/spacetux.org\/cpamoa\/wp-json\/wp\/v2\/comments?post=8883"}],"version-history":[{"count":28,"href":"https:\/\/spacetux.org\/cpamoa\/wp-json\/wp\/v2\/posts\/8883\/revisions"}],"predecessor-version":[{"id":9052,"href":"https:\/\/spacetux.org\/cpamoa\/wp-json\/wp\/v2\/posts\/8883\/revisions\/9052"}],"wp:featuredmedia":[{"embeddable":true,"href":"https:\/\/spacetux.org\/cpamoa\/wp-json\/wp\/v2\/media\/8917"}],"wp:attachment":[{"href":"https:\/\/spacetux.org\/cpamoa\/wp-json\/wp\/v2\/media?parent=8883"}],"wp:term":[{"taxonomy":"category","embeddable":true,"href":"https:\/\/spacetux.org\/cpamoa\/wp-json\/wp\/v2\/categories?post=8883"},{"taxonomy":"post_tag","embeddable":true,"href":"https:\/\/spacetux.org\/cpamoa\/wp-json\/wp\/v2\/tags?post=8883"}],"curies":[{"name":"wp","href":"https:\/\/api.w.org\/{rel}","templated":true}]}}