{"id":9199,"date":"2016-06-02T10:41:05","date_gmt":"2016-06-02T08:41:05","guid":{"rendered":"https:\/\/spacetux.org\/cpamoa\/?p=9199"},"modified":"2016-06-02T10:46:45","modified_gmt":"2016-06-02T08:46:45","slug":"meeteso-a-rencontre-de-paranal-1ere-partie","status":"publish","type":"post","link":"https:\/\/spacetux.org\/cpamoa\/2016\/06\/meeteso-a-rencontre-de-paranal-1ere-partie\/","title":{"rendered":"#MeetESO : A la rencontre de Paranal &#8211; 1\u00e8re partie"},"content":{"rendered":"<p>Il est des voyages qu&rsquo;on referait ind\u00e9finiment. Ce voyage au Chili en fait partie. Depuis que je suis rentr\u00e9e je ne r\u00eave que d&rsquo;une chose : y retourner. Il faut dire que les paysages sont grandioses et les lieux visit\u00e9s totalement magiques.<\/p>\n<p>Aller \u00e0 Paranal \u00e7a se \u00a0m\u00e9rite. D\u00e9j\u00e0, c&rsquo;est environ 14h de vol depuis Paris pour rejoindre Santiago, puis le lendemain 2h de vol entre Santiago et Antofagasta suivi par environ 2h de route dans le d\u00e9sert entre Antofagasta et Paranal. Dans l&rsquo;avion j&rsquo;ai r\u00e9ussi \u00e0 apercevoir Paranal \u00e0 travers le hublot, environ 15 minutes avant d&rsquo;atterrir.<\/p>\n<p>&nbsp;<\/p>\n<div id=\"attachment_9200\" style=\"width: 610px\" class=\"wp-caption aligncenter\"><a href=\"https:\/\/spacetux.org\/cpamoa\/wp-content\/uploads\/2016\/05\/Paranal_2016-05-08_10-19-15.jpg\"><img loading=\"lazy\" decoding=\"async\" aria-describedby=\"caption-attachment-9200\" class=\"wp-image-9200\" src=\"https:\/\/spacetux.org\/cpamoa\/wp-content\/uploads\/2016\/05\/Paranal_2016-05-08_10-19-15.jpg\" alt=\"Paranal vu d'avion\" width=\"600\" height=\"450\" srcset=\"https:\/\/spacetux.org\/cpamoa\/wp-content\/uploads\/2016\/05\/Paranal_2016-05-08_10-19-15.jpg 1600w, https:\/\/spacetux.org\/cpamoa\/wp-content\/uploads\/2016\/05\/Paranal_2016-05-08_10-19-15-300x225.jpg 300w, https:\/\/spacetux.org\/cpamoa\/wp-content\/uploads\/2016\/05\/Paranal_2016-05-08_10-19-15-768x576.jpg 768w, https:\/\/spacetux.org\/cpamoa\/wp-content\/uploads\/2016\/05\/Paranal_2016-05-08_10-19-15-1024x768.jpg 1024w\" sizes=\"auto, (max-width: 600px) 100vw, 600px\" \/><\/a><p id=\"caption-attachment-9200\" class=\"wp-caption-text\">Paranal vu d&rsquo;avion. A gauche les t\u00e9lescopes, \u00e0 droite le camp de base.<\/p><\/div>\n<p>&nbsp;<\/p>\n<p>Le ciel \u00e9tait loin d&rsquo;avoir la jolie couleur bleue que l&rsquo;on voit dans la grande majorit\u00e9 des photos. La faute \u00e0 El Ni\u00f1o, particuli\u00e8rement virulent cette ann\u00e9e.<\/p>\n<p>L&rsquo;ESO avait lou\u00e9 un mini-bus que nous avons\u00a0pris \u00e0 l&rsquo;a\u00e9roport, et c&rsquo;\u00e9tait parti pour 2h de route dans un paysage d\u00e9sertique mais que je n&rsquo;ai pas cess\u00e9 de regarder. Les nuances d&rsquo;ocre sont infinies. Je n&rsquo;ai pas vu le temps passer&#8230;<\/p>\n<p>&nbsp;<\/p>\n<div id=\"attachment_9201\" style=\"width: 610px\" class=\"wp-caption aligncenter\"><a href=\"https:\/\/spacetux.org\/cpamoa\/wp-content\/uploads\/2016\/05\/Paranal_2016-05-08_13-14-45.jpg\"><img loading=\"lazy\" decoding=\"async\" aria-describedby=\"caption-attachment-9201\" class=\"wp-image-9201\" src=\"https:\/\/spacetux.org\/cpamoa\/wp-content\/uploads\/2016\/05\/Paranal_2016-05-08_13-14-45.jpg\" alt=\"Sur la route entre Antofagasta et Paranal\" width=\"600\" height=\"400\" srcset=\"https:\/\/spacetux.org\/cpamoa\/wp-content\/uploads\/2016\/05\/Paranal_2016-05-08_13-14-45.jpg 1800w, https:\/\/spacetux.org\/cpamoa\/wp-content\/uploads\/2016\/05\/Paranal_2016-05-08_13-14-45-300x200.jpg 300w, https:\/\/spacetux.org\/cpamoa\/wp-content\/uploads\/2016\/05\/Paranal_2016-05-08_13-14-45-768x512.jpg 768w, https:\/\/spacetux.org\/cpamoa\/wp-content\/uploads\/2016\/05\/Paranal_2016-05-08_13-14-45-1024x683.jpg 1024w\" sizes=\"auto, (max-width: 600px) 100vw, 600px\" \/><\/a><p id=\"caption-attachment-9201\" class=\"wp-caption-text\">Sur la route entre Antofagasta et Paranal<\/p><\/div>\n<div id=\"attachment_9202\" style=\"width: 610px\" class=\"wp-caption aligncenter\"><a href=\"https:\/\/spacetux.org\/cpamoa\/wp-content\/uploads\/2016\/05\/Paranal_2016-05-08_13-22-19.jpg\"><img loading=\"lazy\" decoding=\"async\" aria-describedby=\"caption-attachment-9202\" class=\"wp-image-9202\" src=\"https:\/\/spacetux.org\/cpamoa\/wp-content\/uploads\/2016\/05\/Paranal_2016-05-08_13-22-19.jpg\" alt=\"On se croirait sur Mars, mais nous sommes bien sur Terre\" width=\"600\" height=\"400\" srcset=\"https:\/\/spacetux.org\/cpamoa\/wp-content\/uploads\/2016\/05\/Paranal_2016-05-08_13-22-19.jpg 1800w, https:\/\/spacetux.org\/cpamoa\/wp-content\/uploads\/2016\/05\/Paranal_2016-05-08_13-22-19-300x200.jpg 300w, https:\/\/spacetux.org\/cpamoa\/wp-content\/uploads\/2016\/05\/Paranal_2016-05-08_13-22-19-768x512.jpg 768w, https:\/\/spacetux.org\/cpamoa\/wp-content\/uploads\/2016\/05\/Paranal_2016-05-08_13-22-19-1024x683.jpg 1024w\" sizes=\"auto, (max-width: 600px) 100vw, 600px\" \/><\/a><p id=\"caption-attachment-9202\" class=\"wp-caption-text\">On se croirait sur Mars, mais nous sommes bien sur Terre<\/p><\/div>\n<p>&nbsp;<\/p>\n<p>Puis nous quittons la route principale et bifurquons vers la droite pour commencer\u00a0notre ascension du\u00a0Cerro Paranal.<\/p>\n<p>&nbsp;<\/p>\n<blockquote class=\"twitter-tweet\" data-lang=\"en\">\n<p dir=\"ltr\" lang=\"en\">Turn right here for the <a href=\"https:\/\/twitter.com\/ESO\">@ESO<\/a> Paranal Observatory&#8230; Getting closer&#8230; <a href=\"https:\/\/twitter.com\/hashtag\/MeetESO?src=hash\">#MeetESO<\/a> <a href=\"https:\/\/t.co\/XSdKNHJSzU\">pic.twitter.com\/XSdKNHJSzU<\/a><\/p>\n<p>\u2014 Remco Timmermans (@timmermansr) <a href=\"https:\/\/twitter.com\/timmermansr\/status\/729338968123248641\">May 8, 2016<\/a><\/p><\/blockquote>\n<p><script src=\"\/\/platform.twitter.com\/widgets.js\" async=\"\" charset=\"utf-8\"><\/script><\/p>\n<p>&nbsp;<\/p>\n<p>Nous apercevons les t\u00e9lescopes du VLT quelques minutes\u00a0avant d&rsquo;arriver \u00e0 la barri\u00e8re de s\u00e9curit\u00e9 du site, au d\u00e9tour d&rsquo;un virage. M\u00eame sous le ciel gris, \u00e7a fait quelque chose de les voir au loin, dominant tout le paysage.<\/p>\n<p>&nbsp;<\/p>\n<div id=\"attachment_9204\" style=\"width: 610px\" class=\"wp-caption aligncenter\"><a href=\"https:\/\/spacetux.org\/cpamoa\/wp-content\/uploads\/2016\/05\/Paranal_2016-05-08_13-42-28.jpg\"><img loading=\"lazy\" decoding=\"async\" aria-describedby=\"caption-attachment-9204\" class=\"wp-image-9204\" src=\"https:\/\/spacetux.org\/cpamoa\/wp-content\/uploads\/2016\/05\/Paranal_2016-05-08_13-42-28.jpg\" alt=\"A la barri\u00e8re de s\u00e9curit\u00e9 de l'observatoire de Paranal\" width=\"600\" height=\"400\" srcset=\"https:\/\/spacetux.org\/cpamoa\/wp-content\/uploads\/2016\/05\/Paranal_2016-05-08_13-42-28.jpg 1800w, https:\/\/spacetux.org\/cpamoa\/wp-content\/uploads\/2016\/05\/Paranal_2016-05-08_13-42-28-300x200.jpg 300w, https:\/\/spacetux.org\/cpamoa\/wp-content\/uploads\/2016\/05\/Paranal_2016-05-08_13-42-28-768x512.jpg 768w, https:\/\/spacetux.org\/cpamoa\/wp-content\/uploads\/2016\/05\/Paranal_2016-05-08_13-42-28-1024x683.jpg 1024w\" sizes=\"auto, (max-width: 600px) 100vw, 600px\" \/><\/a><p id=\"caption-attachment-9204\" class=\"wp-caption-text\">A la barri\u00e8re de s\u00e9curit\u00e9 de l&rsquo;observatoire de Paranal<\/p><\/div>\n<p>&nbsp;<\/p>\n<p>Quelques m\u00e8tres de plus et nous d\u00e9couvrons La Residencia. Ou plut\u00f4t son d\u00f4me car la r\u00e9sidence des astronomes a \u00e9t\u00e9 construite de telle sorte que seul le d\u00f4me apparaisse depuis la route.<\/p>\n<p>&nbsp;<\/p>\n<div id=\"attachment_9205\" style=\"width: 610px\" class=\"wp-caption aligncenter\"><a href=\"https:\/\/spacetux.org\/cpamoa\/wp-content\/uploads\/2016\/05\/Paranal_2016-05-08_13-51-13.jpg\"><img loading=\"lazy\" decoding=\"async\" aria-describedby=\"caption-attachment-9205\" class=\"wp-image-9205\" src=\"https:\/\/spacetux.org\/cpamoa\/wp-content\/uploads\/2016\/05\/Paranal_2016-05-08_13-51-13.jpg\" alt=\"Arriv\u00e9 \u00e0 destination\" width=\"600\" height=\"400\" srcset=\"https:\/\/spacetux.org\/cpamoa\/wp-content\/uploads\/2016\/05\/Paranal_2016-05-08_13-51-13.jpg 1800w, https:\/\/spacetux.org\/cpamoa\/wp-content\/uploads\/2016\/05\/Paranal_2016-05-08_13-51-13-300x200.jpg 300w, https:\/\/spacetux.org\/cpamoa\/wp-content\/uploads\/2016\/05\/Paranal_2016-05-08_13-51-13-768x512.jpg 768w, https:\/\/spacetux.org\/cpamoa\/wp-content\/uploads\/2016\/05\/Paranal_2016-05-08_13-51-13-1024x683.jpg 1024w\" sizes=\"auto, (max-width: 600px) 100vw, 600px\" \/><\/a><p id=\"caption-attachment-9205\" class=\"wp-caption-text\">Arriv\u00e9 \u00e0 destination<\/p><\/div>\n<p>&nbsp;<\/p>\n<p>L&rsquo;int\u00e9rieur est r\u00e9ellement un oasis dans le d\u00e9sert. L&rsquo;atmosph\u00e8re y est humide (gr\u00e2ce \u00e0 la piscine) et douce. Au-dessus du mat, une toile est d\u00e9ploy\u00e9e la nuit \u00e0 travers le d\u00f4me pour \u00e9viter que la lumi\u00e8re de l&rsquo;h\u00f4tel ne pollue le ciel et ne g\u00eane les observations des t\u00e9lescopes.<\/p>\n<p>&nbsp;<\/p>\n<div id=\"attachment_9206\" style=\"width: 310px\" class=\"wp-caption aligncenter\"><a href=\"https:\/\/spacetux.org\/cpamoa\/wp-content\/uploads\/2016\/05\/Paranal_2016-05-08_13-54-54.jpg\"><img loading=\"lazy\" decoding=\"async\" aria-describedby=\"caption-attachment-9206\" class=\"wp-image-9206\" src=\"https:\/\/spacetux.org\/cpamoa\/wp-content\/uploads\/2016\/05\/Paranal_2016-05-08_13-54-54.jpg\" alt=\"Depuis la porte d'entr\u00e9e de la Residencia\" width=\"300\" height=\"450\" srcset=\"https:\/\/spacetux.org\/cpamoa\/wp-content\/uploads\/2016\/05\/Paranal_2016-05-08_13-54-54.jpg 1200w, https:\/\/spacetux.org\/cpamoa\/wp-content\/uploads\/2016\/05\/Paranal_2016-05-08_13-54-54-200x300.jpg 200w, https:\/\/spacetux.org\/cpamoa\/wp-content\/uploads\/2016\/05\/Paranal_2016-05-08_13-54-54-768x1152.jpg 768w, https:\/\/spacetux.org\/cpamoa\/wp-content\/uploads\/2016\/05\/Paranal_2016-05-08_13-54-54-683x1024.jpg 683w\" sizes=\"auto, (max-width: 300px) 100vw, 300px\" \/><\/a><p id=\"caption-attachment-9206\" class=\"wp-caption-text\">Depuis la porte d&rsquo;entr\u00e9e de la Residencia. La r\u00e9ception se trouve au niveau sup\u00e9rieur.<\/p><\/div>\n<p>&nbsp;<\/p>\n<p>Apr\u00e8s avoir pris possession de nos chambres (avec une vue imprenable sur le d\u00e9sert), il est l&rsquo;heure de d\u00e9jeuner. Il est 14h pass\u00e9s, notre petit-d\u00e9jeuner est d\u00e9j\u00e0 loin.<\/p>\n<p>&nbsp;<\/p>\n<div id=\"attachment_9207\" style=\"width: 310px\" class=\"wp-caption aligncenter\"><a href=\"https:\/\/spacetux.org\/cpamoa\/wp-content\/uploads\/2016\/05\/Paranal_2016-05-08_14-01-22.jpg\"><img loading=\"lazy\" decoding=\"async\" aria-describedby=\"caption-attachment-9207\" class=\"wp-image-9207\" src=\"https:\/\/spacetux.org\/cpamoa\/wp-content\/uploads\/2016\/05\/Paranal_2016-05-08_14-01-22.jpg\" alt=\"A la Residencia de Paranal, chambre avec vue\" width=\"300\" height=\"450\" srcset=\"https:\/\/spacetux.org\/cpamoa\/wp-content\/uploads\/2016\/05\/Paranal_2016-05-08_14-01-22.jpg 1200w, https:\/\/spacetux.org\/cpamoa\/wp-content\/uploads\/2016\/05\/Paranal_2016-05-08_14-01-22-200x300.jpg 200w, https:\/\/spacetux.org\/cpamoa\/wp-content\/uploads\/2016\/05\/Paranal_2016-05-08_14-01-22-768x1152.jpg 768w, https:\/\/spacetux.org\/cpamoa\/wp-content\/uploads\/2016\/05\/Paranal_2016-05-08_14-01-22-683x1024.jpg 683w\" sizes=\"auto, (max-width: 300px) 100vw, 300px\" \/><\/a><p id=\"caption-attachment-9207\" class=\"wp-caption-text\">A la Residencia de Paranal, chambre avec vue<\/p><\/div>\n<p>&nbsp;<\/p>\n<div id=\"attachment_9208\" style=\"width: 610px\" class=\"wp-caption aligncenter\"><a href=\"https:\/\/spacetux.org\/cpamoa\/wp-content\/uploads\/2016\/05\/Paranal_2016-05-08_14-25-19.jpg\"><img loading=\"lazy\" decoding=\"async\" aria-describedby=\"caption-attachment-9208\" class=\"wp-image-9208\" src=\"https:\/\/spacetux.org\/cpamoa\/wp-content\/uploads\/2016\/05\/Paranal_2016-05-08_14-25-19.jpg\" alt=\"Paranal_2016-05-08_14-25-19\" width=\"600\" height=\"450\" srcset=\"https:\/\/spacetux.org\/cpamoa\/wp-content\/uploads\/2016\/05\/Paranal_2016-05-08_14-25-19.jpg 1600w, https:\/\/spacetux.org\/cpamoa\/wp-content\/uploads\/2016\/05\/Paranal_2016-05-08_14-25-19-300x225.jpg 300w, https:\/\/spacetux.org\/cpamoa\/wp-content\/uploads\/2016\/05\/Paranal_2016-05-08_14-25-19-768x576.jpg 768w, https:\/\/spacetux.org\/cpamoa\/wp-content\/uploads\/2016\/05\/Paranal_2016-05-08_14-25-19-1024x768.jpg 1024w\" sizes=\"auto, (max-width: 600px) 100vw, 600px\" \/><\/a><p id=\"caption-attachment-9208\" class=\"wp-caption-text\">A la cantine, c&rsquo;\u00e9tait le jour du barbecue !<\/p><\/div>\n<p>&nbsp;<\/p>\n<p>La Residencia est le lieu de vie des astronomes lorsqu&rsquo;ils viennent faire des observations \u00e0 Paranal. Tout est fait pour qu&rsquo;ils puissent se d\u00e9tendre apr\u00e8s une longue nuit de travail. On y trouve\u00a0entre autre\u00a0une salle de musique, un sauna, une salle de cin\u00e9ma, une table de ping-pong, une\u00a0piscine. Une salle de sport se trouve dans un autre b\u00e2timent du camp de base.<\/p>\n<p>&nbsp;<\/p>\n<div id=\"attachment_9209\" style=\"width: 610px\" class=\"wp-caption aligncenter\"><a href=\"https:\/\/spacetux.org\/cpamoa\/wp-content\/uploads\/2016\/05\/Paranal_2016-05-08_15-50-09.jpg\"><img loading=\"lazy\" decoding=\"async\" aria-describedby=\"caption-attachment-9209\" class=\"wp-image-9209\" src=\"https:\/\/spacetux.org\/cpamoa\/wp-content\/uploads\/2016\/05\/Paranal_2016-05-08_15-50-09.jpg\" alt=\"La salle de musique de La Residencia est bien \u00e9quip\u00e9e !\" width=\"600\" height=\"450\" srcset=\"https:\/\/spacetux.org\/cpamoa\/wp-content\/uploads\/2016\/05\/Paranal_2016-05-08_15-50-09.jpg 1600w, https:\/\/spacetux.org\/cpamoa\/wp-content\/uploads\/2016\/05\/Paranal_2016-05-08_15-50-09-300x225.jpg 300w, https:\/\/spacetux.org\/cpamoa\/wp-content\/uploads\/2016\/05\/Paranal_2016-05-08_15-50-09-768x576.jpg 768w, https:\/\/spacetux.org\/cpamoa\/wp-content\/uploads\/2016\/05\/Paranal_2016-05-08_15-50-09-1024x768.jpg 1024w\" sizes=\"auto, (max-width: 600px) 100vw, 600px\" \/><\/a><p id=\"caption-attachment-9209\" class=\"wp-caption-text\">La salle de musique de La Residencia est bien \u00e9quip\u00e9e !<\/p><\/div>\n<p>&nbsp;<\/p>\n<p>Petit d\u00e9tail amusant : les tapis de La Residencia sont de v\u00e9ritables images issues de spectrom\u00e8tres\u00a0\ud83d\ude42<\/p>\n<p>&nbsp;<\/p>\n<p><a href=\"https:\/\/spacetux.org\/cpamoa\/wp-content\/uploads\/2016\/05\/Paranal_2016-05-08_16-07-57.jpg\"><img loading=\"lazy\" decoding=\"async\" class=\"aligncenter wp-image-9212\" src=\"https:\/\/spacetux.org\/cpamoa\/wp-content\/uploads\/2016\/05\/Paranal_2016-05-08_16-07-57.jpg\" alt=\"Tapis \u00e0 La Residencia\" width=\"600\" height=\"450\" srcset=\"https:\/\/spacetux.org\/cpamoa\/wp-content\/uploads\/2016\/05\/Paranal_2016-05-08_16-07-57.jpg 1600w, https:\/\/spacetux.org\/cpamoa\/wp-content\/uploads\/2016\/05\/Paranal_2016-05-08_16-07-57-300x225.jpg 300w, https:\/\/spacetux.org\/cpamoa\/wp-content\/uploads\/2016\/05\/Paranal_2016-05-08_16-07-57-768x576.jpg 768w, https:\/\/spacetux.org\/cpamoa\/wp-content\/uploads\/2016\/05\/Paranal_2016-05-08_16-07-57-1024x768.jpg 1024w\" sizes=\"auto, (max-width: 600px) 100vw, 600px\" \/><\/a><\/p>\n<p>&nbsp;<\/p>\n<p>La fa\u00e7ade de la Residencia se d\u00e9voile lorsqu&rsquo;on fait le tour du b\u00e2timent, cot\u00e9 Sud-Ouest (du cot\u00e9 du Pacifique donc). Les fen\u00eatres \u00e9troites \u00e9vitent que trop de lumi\u00e8re ne s&rsquo;\u00e9chappe vers l&rsquo;ext\u00e9rieur. J&rsquo;imagine que cela\u00a0permet \u00e9galement une meilleure isolation thermique. La nuit tomb\u00e9e, il est demand\u00e9 aux h\u00f4tes de fermer les rideaux. Les lumi\u00e8res des parties communes\u00a0sont tamis\u00e9es. Seules quelques veilleuses restent allum\u00e9es et diffusent suffisamment de lumi\u00e8re pour que l&rsquo;on puisse se diriger dans les couloirs.<\/p>\n<p>&nbsp;<\/p>\n<div id=\"attachment_9210\" style=\"width: 610px\" class=\"wp-caption aligncenter\"><a href=\"https:\/\/spacetux.org\/cpamoa\/wp-content\/uploads\/2016\/05\/Paranal_2016-05-08_15-54-20.jpg\"><img loading=\"lazy\" decoding=\"async\" aria-describedby=\"caption-attachment-9210\" class=\"wp-image-9210\" src=\"https:\/\/spacetux.org\/cpamoa\/wp-content\/uploads\/2016\/05\/Paranal_2016-05-08_15-54-20.jpg\" alt=\"La fa\u00e7ade cot\u00e9 Oc\u00e9an Pacifique de La Residencia\" width=\"600\" height=\"450\" srcset=\"https:\/\/spacetux.org\/cpamoa\/wp-content\/uploads\/2016\/05\/Paranal_2016-05-08_15-54-20.jpg 1600w, https:\/\/spacetux.org\/cpamoa\/wp-content\/uploads\/2016\/05\/Paranal_2016-05-08_15-54-20-300x225.jpg 300w, https:\/\/spacetux.org\/cpamoa\/wp-content\/uploads\/2016\/05\/Paranal_2016-05-08_15-54-20-768x576.jpg 768w, https:\/\/spacetux.org\/cpamoa\/wp-content\/uploads\/2016\/05\/Paranal_2016-05-08_15-54-20-1024x768.jpg 1024w\" sizes=\"auto, (max-width: 600px) 100vw, 600px\" \/><\/a><p id=\"caption-attachment-9210\" class=\"wp-caption-text\">La fa\u00e7ade cot\u00e9 Oc\u00e9an Pacifique de La Residencia<\/p><\/div>\n<p>&nbsp;<\/p>\n<p>La nuit, sous le d\u00f4me couvert, l&rsquo;atmosph\u00e8re est tr\u00e8s apaisante.<\/p>\n<p>&nbsp;<\/p>\n<p><a href=\"https:\/\/spacetux.org\/cpamoa\/wp-content\/uploads\/2016\/05\/Paranal_2016-05-08_20-13-47.jpg\"><img loading=\"lazy\" decoding=\"async\" class=\"aligncenter wp-image-9211\" src=\"https:\/\/spacetux.org\/cpamoa\/wp-content\/uploads\/2016\/05\/Paranal_2016-05-08_20-13-47.jpg\" alt=\"Paranal_2016-05-08_20-13-47\" width=\"338\" height=\"450\" srcset=\"https:\/\/spacetux.org\/cpamoa\/wp-content\/uploads\/2016\/05\/Paranal_2016-05-08_20-13-47.jpg 1200w, https:\/\/spacetux.org\/cpamoa\/wp-content\/uploads\/2016\/05\/Paranal_2016-05-08_20-13-47-225x300.jpg 225w, https:\/\/spacetux.org\/cpamoa\/wp-content\/uploads\/2016\/05\/Paranal_2016-05-08_20-13-47-768x1024.jpg 768w\" sizes=\"auto, (max-width: 338px) 100vw, 338px\" \/><\/a><\/p>\n<p>&nbsp;<\/p>\n<p>Apr\u00e8s avoir fait le tour de La Residencia, nous sommes invit\u00e9s \u00e0 nous rendre sur la plateforme o\u00f9 se situent les t\u00e9lescopes du VLT \u00e0 3km de distance et 200 m\u00e8tres plus haut. Un \u00e9cran \u00e0 la r\u00e9ception de l\u2019h\u00f4tel nous donne une id\u00e9e de ce qui nous attend l\u00e0-haut\u00a0:\u00a0du vent (des rafales \u00e0 68.6km\/h) et pas tr\u00e8s chaud (la temp\u00e9rature ressentie n&rsquo;est que de -1\u00b0C !)<\/p>\n<p>&nbsp;<\/p>\n<p><a href=\"https:\/\/spacetux.org\/cpamoa\/wp-content\/uploads\/2016\/05\/Paranal_2016-05-08_16-51-34.jpg\"><img loading=\"lazy\" decoding=\"async\" class=\"aligncenter wp-image-9213\" src=\"https:\/\/spacetux.org\/cpamoa\/wp-content\/uploads\/2016\/05\/Paranal_2016-05-08_16-51-34.jpg\" alt=\"Ecran indiquant les conditions climatiques au niveau de la plateforme\" width=\"600\" height=\"450\" srcset=\"https:\/\/spacetux.org\/cpamoa\/wp-content\/uploads\/2016\/05\/Paranal_2016-05-08_16-51-34.jpg 1600w, https:\/\/spacetux.org\/cpamoa\/wp-content\/uploads\/2016\/05\/Paranal_2016-05-08_16-51-34-300x225.jpg 300w, https:\/\/spacetux.org\/cpamoa\/wp-content\/uploads\/2016\/05\/Paranal_2016-05-08_16-51-34-768x576.jpg 768w, https:\/\/spacetux.org\/cpamoa\/wp-content\/uploads\/2016\/05\/Paranal_2016-05-08_16-51-34-1024x768.jpg 1024w\" sizes=\"auto, (max-width: 600px) 100vw, 600px\" \/><\/a><\/p>\n<p>&nbsp;<\/p>\n<p>Sur la plateforme, situ\u00e9e \u00e0 2635m d&rsquo;altitude, on d\u00e9couvre l&rsquo;immensit\u00e9 des\u00a0quatre t\u00e9lescopes unitaires (UT en anglais)\u00a0accompagn\u00e9s par\u00a0les 4 t\u00e9lescopes auxiliaires (AT en anglais). Sur la plateforme se trouve \u00e9galement le <a href=\"http:\/\/www.eso.org\/public\/france\/teles-instr\/surveytelescopes\/vst\/\" target=\"_blank\">VST (VLT Survey Telescope)<\/a>, un t\u00e9lescope qui gr\u00e2ce \u00e0 son grand champ permet de cartographier le ciel.<\/p>\n<p>Les UT ont un miroir primaire de 8,2 m\u00e8tres de diam\u00e8tre. Plus petits, les AT ont un miroir primaire de 1,80 m\u00e8tres de diam\u00e8tre. Quant au VST, son miroir primaire est de 2,60 m\u00e8tres et il s&rsquo;agit du plus grand t\u00e9lescope de sondage au monde dans la lumi\u00e8re visible.<\/p>\n<p>&nbsp;<\/p>\n<div id=\"attachment_9214\" style=\"width: 610px\" class=\"wp-caption aligncenter\"><a href=\"https:\/\/spacetux.org\/cpamoa\/wp-content\/uploads\/2016\/05\/VLT-Paranal.jpg\"><img loading=\"lazy\" decoding=\"async\" aria-describedby=\"caption-attachment-9214\" class=\"wp-image-9214\" src=\"https:\/\/spacetux.org\/cpamoa\/wp-content\/uploads\/2016\/05\/VLT-Paranal.jpg\" alt=\"Sur la plateforme du Very Large Telescope \u00e0 Paranal. Parmi les grands t\u00e9lescopes on trouve, de gauche \u00e0 droite : UT4 (Yepun), UT1 (Antu), UT2 (Kueyen), UT3 (Melipal) et le VST (VLT Survey Telescope). On apper\u00e7oit \u00e9galmeent trois des quatre petits t\u00e9lescopes auxiliaires.\" width=\"600\" height=\"266\" srcset=\"https:\/\/spacetux.org\/cpamoa\/wp-content\/uploads\/2016\/05\/VLT-Paranal.jpg 2048w, https:\/\/spacetux.org\/cpamoa\/wp-content\/uploads\/2016\/05\/VLT-Paranal-300x133.jpg 300w, https:\/\/spacetux.org\/cpamoa\/wp-content\/uploads\/2016\/05\/VLT-Paranal-768x341.jpg 768w, https:\/\/spacetux.org\/cpamoa\/wp-content\/uploads\/2016\/05\/VLT-Paranal-1024x455.jpg 1024w\" sizes=\"auto, (max-width: 600px) 100vw, 600px\" \/><\/a><p id=\"caption-attachment-9214\" class=\"wp-caption-text\">Sur la plateforme du Very Large Telescope \u00e0 Paranal. Parmi les grands t\u00e9lescopes on trouve, de gauche \u00e0 droite : UT4 (Yepun), UT1 (Antu), UT2 (Kueyen), UT3 (Melipal) et le VST (VLT Survey Telescope). On aper\u00e7oit \u00e9galement trois des quatre petits t\u00e9lescopes auxiliaires.<\/p><\/div>\n<p>&nbsp;<\/p>\n<blockquote class=\"twitter-tweet\" data-lang=\"en\"><p>\nAll <a href=\"https:\/\/twitter.com\/hashtag\/MeetESO?src=hash\">#MeetESO<\/a> tweeps got to meet <a href=\"https:\/\/twitter.com\/ESO\">@ESO<\/a> at Paranal today! <a href=\"https:\/\/t.co\/eihrkWEpBi\">pic.twitter.com\/eihrkWEpBi<\/a><\/p>\n<p>\u2014 Remco Timmermans (@timmermansr) <a href=\"https:\/\/twitter.com\/timmermansr\/status\/729454718557229057\">May 8, 2016<\/a>\n<\/p><\/blockquote>\n<p><script src=\"\/\/platform.twitter.com\/widgets.js\" async=\"\" charset=\"utf-8\"><\/script><br \/>\nChaque t\u00e9lescope unitaire a \u00e9t\u00e9 baptis\u00e9 lors d&rsquo;un concours organis\u00e9 par l&rsquo;ESO en 1999. C&rsquo;est une jeune chilienne\u00a0de 17 ans qui l&rsquo;a remport\u00e9 en utilisant des noms issus de la langue des Mapuche, une tribu indig\u00e8ne du Chili.<\/p>\n<p>UT1 a \u00e9t\u00e9 baptis\u00e9 ANTU qui signifie Le Soleil<br \/>\nUT2 a \u00e9t\u00e9 baptis\u00e9 KUEYEN qui signifie La Lune<br \/>\nUT3 a \u00e9t\u00e9 baptis\u00e9 MELIPAL qui signifie La Croix du Sud<br \/>\nUT4 a \u00e9t\u00e9 baptis\u00e9 YEPUN qui signifie Venus (celle du soir car\u00a0celle du matin avait un autre nom en langue Mapudungun).<\/p>\n<p>Nous avons eu la possibilit\u00e9 d&rsquo;entrer \u00e0 l&rsquo;int\u00e9rieur de Yepun. C&rsquo;est gigantesque. J&rsquo;ai demand\u00e9 \u00e0 Francisco\u00a0de l&rsquo;\u00e9quipe chilienne de l&rsquo;ESO, de se mettre sous le t\u00e9lescope pour nous donner une id\u00e9e de la taille de celui-ci.<\/p>\n<p>&nbsp;<\/p>\n<div id=\"attachment_9216\" style=\"width: 310px\" class=\"wp-caption aligncenter\"><a href=\"https:\/\/spacetux.org\/cpamoa\/wp-content\/uploads\/2016\/05\/Paranal_2016-05-08_18-26-52.jpg\"><img loading=\"lazy\" decoding=\"async\" aria-describedby=\"caption-attachment-9216\" class=\"wp-image-9216\" src=\"https:\/\/spacetux.org\/cpamoa\/wp-content\/uploads\/2016\/05\/Paranal_2016-05-08_18-26-52.jpg\" alt=\"Oui, c'est un homme de taille normale qui se trouve dessous !\" width=\"300\" height=\"450\" srcset=\"https:\/\/spacetux.org\/cpamoa\/wp-content\/uploads\/2016\/05\/Paranal_2016-05-08_18-26-52.jpg 1200w, https:\/\/spacetux.org\/cpamoa\/wp-content\/uploads\/2016\/05\/Paranal_2016-05-08_18-26-52-200x300.jpg 200w, https:\/\/spacetux.org\/cpamoa\/wp-content\/uploads\/2016\/05\/Paranal_2016-05-08_18-26-52-768x1152.jpg 768w, https:\/\/spacetux.org\/cpamoa\/wp-content\/uploads\/2016\/05\/Paranal_2016-05-08_18-26-52-683x1024.jpg 683w\" sizes=\"auto, (max-width: 300px) 100vw, 300px\" \/><\/a><p id=\"caption-attachment-9216\" class=\"wp-caption-text\">Oui, c&rsquo;est un adulte\u00a0de taille normale qui se trouve dessous !<\/p><\/div>\n<p>&nbsp;<\/p>\n<p>Chaque UT poss\u00e8de trois emplacements o\u00f9 des instruments peuvent \u00eatre install\u00e9s. Ces instruments vont permettre d&rsquo;analyser les signaux de lumi\u00e8re re\u00e7us. Il y a un instrument de\u00a0chaque cot\u00e9 du t\u00e9lescope sur les foyers Nasmyth (sur une plateforme en haut de chaque escalier bleu) et un instrument sous le t\u00e9lescope sur le foyer Cassegrain. On aper\u00e7oit ce dernier derri\u00e8re Francisco.<\/p>\n<p>Sur Yepun, l&rsquo;instrument install\u00e9 sur le foyer Cassegrain s&rsquo;appelle <a href=\"https:\/\/www.eso.org\/public\/teles-instr\/vlt\/vlt-instr\/sinfoni\/\" target=\"_blank\">SINFONI <\/a>(Spectrograph for INtegral Field Observations in the Near Infrared). C&rsquo;est un spectrographe \u00e0\u00a0champ int\u00e9gral qui r\u00e9alise des observations dans le domaine du proche infrarouge aliment\u00e9 par un module d&rsquo;optique adaptative. On aper\u00e7oit mieux l&rsquo;instrument SINFONI sur la photo ci-dessous, en forme de cuve cylindrique.<\/p>\n<p>&nbsp;<\/p>\n<p><a href=\"https:\/\/spacetux.org\/cpamoa\/wp-content\/uploads\/2016\/05\/Paranal_2016-05-08_18-40-20.jpg\"><img loading=\"lazy\" decoding=\"async\" class=\"aligncenter wp-image-9217\" src=\"https:\/\/spacetux.org\/cpamoa\/wp-content\/uploads\/2016\/05\/Paranal_2016-05-08_18-40-20.jpg\" alt=\"SINFONI install\u00e9 sous UT4\" width=\"600\" height=\"400\" srcset=\"https:\/\/spacetux.org\/cpamoa\/wp-content\/uploads\/2016\/05\/Paranal_2016-05-08_18-40-20.jpg 1800w, https:\/\/spacetux.org\/cpamoa\/wp-content\/uploads\/2016\/05\/Paranal_2016-05-08_18-40-20-300x200.jpg 300w, https:\/\/spacetux.org\/cpamoa\/wp-content\/uploads\/2016\/05\/Paranal_2016-05-08_18-40-20-768x512.jpg 768w, https:\/\/spacetux.org\/cpamoa\/wp-content\/uploads\/2016\/05\/Paranal_2016-05-08_18-40-20-1024x683.jpg 1024w\" sizes=\"auto, (max-width: 600px) 100vw, 600px\" \/><\/a><\/p>\n<p>&nbsp;<\/p>\n<p>Au niveau d&rsquo;un des deux foyers Nasmyth on trouvera <a href=\"https:\/\/www.eso.org\/public\/france\/teles-instr\/vlt\/vlt-instr\/hawk-i\/\" target=\"_blank\">HAWK-I<\/a> (High Acuity Wide-field K-band Imager), un imageur grand champ qui permet d&rsquo;obtenir des images d&rsquo;objets \u00e9tendus, comme les galaxies proches ou les grandes n\u00e9buleuses, mais \u00e9galement des \u00e9toiles individuelles ou des exoplan\u00e8tes.<\/p>\n<p>&nbsp;<\/p>\n<div id=\"attachment_9218\" style=\"width: 610px\" class=\"wp-caption aligncenter\"><a href=\"https:\/\/spacetux.org\/cpamoa\/wp-content\/uploads\/2016\/05\/Paranal_2016-05-08_18-54-07.jpg\"><img loading=\"lazy\" decoding=\"async\" aria-describedby=\"caption-attachment-9218\" class=\"wp-image-9218\" src=\"https:\/\/spacetux.org\/cpamoa\/wp-content\/uploads\/2016\/05\/Paranal_2016-05-08_18-54-07.jpg\" alt=\"L'UT4 Yepun\" width=\"600\" height=\"400\" srcset=\"https:\/\/spacetux.org\/cpamoa\/wp-content\/uploads\/2016\/05\/Paranal_2016-05-08_18-54-07.jpg 1800w, https:\/\/spacetux.org\/cpamoa\/wp-content\/uploads\/2016\/05\/Paranal_2016-05-08_18-54-07-300x200.jpg 300w, https:\/\/spacetux.org\/cpamoa\/wp-content\/uploads\/2016\/05\/Paranal_2016-05-08_18-54-07-768x512.jpg 768w, https:\/\/spacetux.org\/cpamoa\/wp-content\/uploads\/2016\/05\/Paranal_2016-05-08_18-54-07-1024x683.jpg 1024w\" sizes=\"auto, (max-width: 600px) 100vw, 600px\" \/><\/a><p id=\"caption-attachment-9218\" class=\"wp-caption-text\">HAWK-I se situe \u00e0 droite du t\u00e9lescope sur cette image, le cylindre m\u00e9tallique aliment\u00e9 par des fils verts. On aper\u00e7oit \u00e9galement le miroir secondaire en haut de la structure du t\u00e9lescope<\/p><\/div>\n<p>Sur la photo ci-dessus on peut \u00e9galement apercevoir le miroir secondaire (en haut de la structure), ainsi que les 4 unit\u00e9s laser (LGSU : Laser Guide Star Unit) qui entourent le t\u00e9lescope et qui permettent de cr\u00e9er des \u00e9toiles guide (voir ci-apr\u00e8s pour des explications).<\/p>\n<p>Sur le deuxi\u00e8me foyer Nasmyth se trouve <a href=\"https:\/\/www.eso.org\/public\/france\/teles-instr\/vlt\/vlt-instr\/muse\/\" target=\"_blank\">MUSE<\/a>\u00a0(Multi Unit Spectroscopic Explorer). Cet instrument, inaugur\u00e9 en 2014, est bien reconnaissable \u00e0 ses nombreux tuyaux, le faisant ressembler \u00e0 une m\u00e9duse.<\/p>\n<p>&nbsp;<\/p>\n<div id=\"attachment_9219\" style=\"width: 610px\" class=\"wp-caption aligncenter\"><a href=\"https:\/\/spacetux.org\/cpamoa\/wp-content\/uploads\/2016\/05\/Paranal_2016-05-08_18-43-45.jpg\"><img loading=\"lazy\" decoding=\"async\" aria-describedby=\"caption-attachment-9219\" class=\"wp-image-9219\" src=\"https:\/\/spacetux.org\/cpamoa\/wp-content\/uploads\/2016\/05\/Paranal_2016-05-08_18-43-45.jpg\" alt=\"L'instrument MUSE sur l'un des foyers Nasmyth de l'UT4 (Yepun) du VLT\" width=\"600\" height=\"400\" srcset=\"https:\/\/spacetux.org\/cpamoa\/wp-content\/uploads\/2016\/05\/Paranal_2016-05-08_18-43-45.jpg 1800w, https:\/\/spacetux.org\/cpamoa\/wp-content\/uploads\/2016\/05\/Paranal_2016-05-08_18-43-45-300x200.jpg 300w, https:\/\/spacetux.org\/cpamoa\/wp-content\/uploads\/2016\/05\/Paranal_2016-05-08_18-43-45-768x512.jpg 768w, https:\/\/spacetux.org\/cpamoa\/wp-content\/uploads\/2016\/05\/Paranal_2016-05-08_18-43-45-1024x683.jpg 1024w\" sizes=\"auto, (max-width: 600px) 100vw, 600px\" \/><\/a><p id=\"caption-attachment-9219\" class=\"wp-caption-text\">L&rsquo;instrument MUSE, reconnaissable \u00e0 ces nombreux tuyaux, faisant penser \u00e0 une m\u00e9duse<\/p><\/div>\n<p>&nbsp;<\/p>\n<p>MUSE, tout comme SINFONI, est un spectrographe \u00e0\u00a0champ int\u00e9gral. Il a \u00e9t\u00e9 construit dans l&rsquo;intention d&rsquo;\u00e9tudier le contenu et les processus en cours dans l&rsquo;univers \u00e0 ses tout d\u00e9buts, lorsque les premi\u00e8res \u00e9toiles et les galaxies se sont form\u00e9es. MUSE doit \u00e9galement cartographier la distribution de la mati\u00e8re noire dans les amas de galaxies en utilisant l&rsquo;effet de microlentille gravitationnelle sur les galaxies d&rsquo;arri\u00e8re-plan. MUSE va aussi fournir des informations d\u00e9taill\u00e9es sur les dynamiques internes de plusieurs classes de galaxies dans des d\u00e9tails sans pr\u00e9c\u00e9dent.<\/p>\n<p>&nbsp;<\/p>\n<p><strong>Fonctionnement d&rsquo;un t\u00e9lescope :<\/strong><\/p>\n<p>&nbsp;<\/p>\n<div id=\"attachment_9224\" style=\"width: 391px\" class=\"wp-caption aligncenter\"><a href=\"https:\/\/spacetux.org\/cpamoa\/wp-content\/uploads\/2016\/05\/utaccel.jpg\"><img loading=\"lazy\" decoding=\"async\" aria-describedby=\"caption-attachment-9224\" class=\"size-full wp-image-9224\" src=\"https:\/\/spacetux.org\/cpamoa\/wp-content\/uploads\/2016\/05\/utaccel.jpg\" alt=\"Sch\u00e9ma repr\u00e9sentant un t\u00e9lescope unitaire du VLT. M1, M2 et M3 sont les miroirs primaires, secondaires et tertiaires. (Cr\u00e9dit image : di Lieto, Sahlmann, et al. 2007)\" width=\"381\" height=\"364\" srcset=\"https:\/\/spacetux.org\/cpamoa\/wp-content\/uploads\/2016\/05\/utaccel.jpg 381w, https:\/\/spacetux.org\/cpamoa\/wp-content\/uploads\/2016\/05\/utaccel-300x287.jpg 300w\" sizes=\"auto, (max-width: 381px) 100vw, 381px\" \/><\/a><p id=\"caption-attachment-9224\" class=\"wp-caption-text\">Sch\u00e9ma repr\u00e9sentant un t\u00e9lescope unitaire du VLT. M1, M2 et M3 sont les miroirs primaires, secondaires et tertiaires. (Cr\u00e9dit image : <a href=\"https:\/\/johannessahlmann.files.wordpress.com\/2015\/04\/roaa05.pdf\" target=\"_blank\">di Lieto, Sahlmann, et al. 2007<\/a>)<\/p><\/div>\n<p>&nbsp;<\/p>\n<p>La lumi\u00e8re qui arrive de l&rsquo;espace va\u00a0se refl\u00e9ter sur le miroir primaire (M1), qui la renvoie sur le miroir secondaire (M2) situ\u00e9 en haut de la structure qui va renvoyer la lumi\u00e8re en direction du miroir tertiaire (M3) situ\u00e9 au centre du miroir primaire. Si c&rsquo;est l&rsquo;instrument situ\u00e9 au foyer Cassegrain qui est utilis\u00e9, le miroir tertiaire pivote et laisse passer la lumi\u00e8re vers le foyer Cassegrain. Si c&rsquo;est un instrument situ\u00e9 sur l&rsquo;un des deux foyers Nasmyth qui est utilis\u00e9, le miroir tertiaire aura \u00e9t\u00e9 pr\u00e9alablement positionn\u00e9 pour renvoyer la lumi\u00e8re vers l&rsquo;instrument en question. Vous pouvez voir le miroir primaire et le miroir tertiaire sur la photo ci-dessous<\/p>\n<p>&nbsp;<\/p>\n<div id=\"attachment_9221\" style=\"width: 610px\" class=\"wp-caption aligncenter\"><a href=\"https:\/\/spacetux.org\/cpamoa\/wp-content\/uploads\/2016\/05\/Paranal_2016-05-08_18-56-20.jpg\"><img loading=\"lazy\" decoding=\"async\" aria-describedby=\"caption-attachment-9221\" class=\"wp-image-9221\" src=\"https:\/\/spacetux.org\/cpamoa\/wp-content\/uploads\/2016\/05\/Paranal_2016-05-08_18-56-20.jpg\" alt=\"Les miroirs primaire et tertiaire sont visibles sur cette photo. Le miroir tertiaire est orient\u00e9 pour refl\u00e9ter la lumi\u00e8re vers le cot\u00e9 droit, en direction de l'un des instruments situ\u00e9 au foyer Nasmyth\" width=\"600\" height=\"450\" srcset=\"https:\/\/spacetux.org\/cpamoa\/wp-content\/uploads\/2016\/05\/Paranal_2016-05-08_18-56-20.jpg 1600w, https:\/\/spacetux.org\/cpamoa\/wp-content\/uploads\/2016\/05\/Paranal_2016-05-08_18-56-20-300x225.jpg 300w, https:\/\/spacetux.org\/cpamoa\/wp-content\/uploads\/2016\/05\/Paranal_2016-05-08_18-56-20-768x576.jpg 768w, https:\/\/spacetux.org\/cpamoa\/wp-content\/uploads\/2016\/05\/Paranal_2016-05-08_18-56-20-1024x768.jpg 1024w\" sizes=\"auto, (max-width: 600px) 100vw, 600px\" \/><\/a><p id=\"caption-attachment-9221\" class=\"wp-caption-text\">Les miroirs primaire et tertiaire sont visibles sur cette photo. Le miroir tertiaire est orient\u00e9 pour refl\u00e9ter la lumi\u00e8re vers le cot\u00e9 droit, en direction de l&rsquo;un des instruments situ\u00e9 au foyer Nasmyth<\/p><\/div>\n<p>&nbsp;<\/p>\n<p>Le miroir primaire d&rsquo;un t\u00e9lescope unitaire du VLT a un diam\u00e8tre de 8,20 m\u00e8tres et p\u00e8se 23 tonnes pour seulement 17,6 cm d&rsquo;\u00e9paisseur !<\/p>\n<p>&nbsp;<\/p>\n<div id=\"attachment_9231\" style=\"width: 610px\" class=\"wp-caption aligncenter\"><a href=\"https:\/\/spacetux.org\/cpamoa\/wp-content\/uploads\/2016\/06\/Paranal_2016-05-08_18-53-24.jpg\"><img loading=\"lazy\" decoding=\"async\" aria-describedby=\"caption-attachment-9231\" class=\"wp-image-9231\" src=\"https:\/\/spacetux.org\/cpamoa\/wp-content\/uploads\/2016\/06\/Paranal_2016-05-08_18-53-24.jpg\" alt=\"Le miroir primaire vu de profil. 17,6cm d'\u00e9paisseur, ce n'est pas beaucoup !\" width=\"600\" height=\"450\" srcset=\"https:\/\/spacetux.org\/cpamoa\/wp-content\/uploads\/2016\/06\/Paranal_2016-05-08_18-53-24.jpg 1600w, https:\/\/spacetux.org\/cpamoa\/wp-content\/uploads\/2016\/06\/Paranal_2016-05-08_18-53-24-300x225.jpg 300w, https:\/\/spacetux.org\/cpamoa\/wp-content\/uploads\/2016\/06\/Paranal_2016-05-08_18-53-24-768x576.jpg 768w, https:\/\/spacetux.org\/cpamoa\/wp-content\/uploads\/2016\/06\/Paranal_2016-05-08_18-53-24-1024x768.jpg 1024w\" sizes=\"auto, (max-width: 600px) 100vw, 600px\" \/><\/a><p id=\"caption-attachment-9231\" class=\"wp-caption-text\">Le miroir primaire vu de profil. 17,6cm d&rsquo;\u00e9paisseur, ce n&rsquo;est pas beaucoup !<\/p><\/div>\n<p>&nbsp;<\/p>\n<p>Lorsqu&rsquo;il va \u00eatre pivot\u00e9 lors des observations, le miroir va se d\u00e9former sous l&rsquo;effet de la gravit\u00e9 et de son poids. Cela va\u00a0g\u00e9n\u00e9rer des images floues, ce qui est g\u00eanant pour un t\u00e9lescope&#8230;.<\/p>\n<p>Pour compenser cette d\u00e9formation, une technique appel\u00e9e <a href=\"http:\/\/www.eso.org\/public\/france\/teles-instr\/technology\/active_optics\/\" target=\"_blank\">Optique Active<\/a> a \u00e9t\u00e9 mise en place. Il s&rsquo;agit de 150 v\u00e9rins hydrauliques situ\u00e9s sous le miroir ainsi que 64 autres sur les cot\u00e9s (on voit les v\u00e9rins lat\u00e9raux sur la photo ci-dessus). Ces v\u00e9rins, pilot\u00e9s par ordinateur, vont ajuster la forme et la position du miroir, environ une fois par minute, pour qu&rsquo;il garde la forme n\u00e9cessaire \u00e0 l&rsquo;obtention d&rsquo;une image nette. L&rsquo;ordinateur calcule les corrections \u00e0 apporter en se basant sur une \u00e9toile de r\u00e9f\u00e9rence et en essayant de maintenir cette \u00e9toile aussi ronde et nette que possible. Voir un sch\u00e9ma du syst\u00e8me <a href=\"http:\/\/www.eso.org\/public\/france\/images\/eso9940b\/\" target=\"_blank\">ici<\/a>.<\/p>\n<p>&nbsp;<\/p>\n<div id=\"attachment_9225\" style=\"width: 610px\" class=\"wp-caption aligncenter\"><a href=\"https:\/\/spacetux.org\/cpamoa\/wp-content\/uploads\/2016\/05\/Paranal_2016-05-08_18-29-29.jpg\"><img loading=\"lazy\" decoding=\"async\" aria-describedby=\"caption-attachment-9225\" class=\"wp-image-9225\" src=\"https:\/\/spacetux.org\/cpamoa\/wp-content\/uploads\/2016\/05\/Paranal_2016-05-08_18-29-29.jpg\" alt=\"Vue du dessous d'un miroir du VLT, on aper\u00e7oit quelques-uns des 150 v\u00e9rins hydrauliques qui vont compenser la d\u00e9formation du miroir sous son propre poids\" width=\"600\" height=\"400\" srcset=\"https:\/\/spacetux.org\/cpamoa\/wp-content\/uploads\/2016\/05\/Paranal_2016-05-08_18-29-29.jpg 1800w, https:\/\/spacetux.org\/cpamoa\/wp-content\/uploads\/2016\/05\/Paranal_2016-05-08_18-29-29-300x200.jpg 300w, https:\/\/spacetux.org\/cpamoa\/wp-content\/uploads\/2016\/05\/Paranal_2016-05-08_18-29-29-768x512.jpg 768w, https:\/\/spacetux.org\/cpamoa\/wp-content\/uploads\/2016\/05\/Paranal_2016-05-08_18-29-29-1024x683.jpg 1024w\" sizes=\"auto, (max-width: 600px) 100vw, 600px\" \/><\/a><p id=\"caption-attachment-9225\" class=\"wp-caption-text\">Vue du dessous d&rsquo;un miroir du VLT, on aper\u00e7oit quelques-uns des 150 v\u00e9rins hydrauliques (de forme carr\u00e9e) qui vont compenser la d\u00e9formation du miroir.<\/p><\/div>\n<p>&nbsp;<\/p>\n<p>Une fois la d\u00e9formation du miroir compens\u00e9e, il reste un autre ph\u00e9nom\u00e8ne qui peut g\u00e9n\u00e9rer du flou dans les images : les turbulences atmosph\u00e9riques. M\u00eame \u00e0 haute altitude et m\u00eame en plein milieu du d\u00e9sert le plus aride au monde, celles-ci existent toujours. Ce sont les turbulences atmosph\u00e9riques qui font que l&rsquo;on voit les \u00e9toiles scintiller.<\/p>\n<p>Le syst\u00e8me qui corrige ce probl\u00e8me s&rsquo;appelle <a href=\"http:\/\/www.eso.org\/public\/france\/teles-instr\/technology\/adaptive_optics\/?lang\" target=\"_blank\">Optique Adaptative<\/a> (\u00e0 ne pas confondre avec l&rsquo;Optique Active !). En se basant sur une \u00e9toile de r\u00e9f\u00e9rence tr\u00e8s brillante et proche de la zone \u00e0 observer, un ordinateur va d\u00e9former en temps r\u00e9el le miroir secondaire (qui fait 94 cm\u00a0de diam\u00e8tre), afin de compenser les turbulences. Comme il n&rsquo;existe pas toujours d&rsquo;\u00e9toiles brillantes proche des zones \u00e0 observer, il est possible de cr\u00e9er une \u00e9toile artificielle en envoyant un faisceau laser dans le ciel. Le laser va exciter les atomes de sodium dans la m\u00e9sosph\u00e8re entre 90 et 110 km d&rsquo;altitude qui vont se mettre \u00e0 briller comme une \u00e9toile. Sachant quelle forme est cens\u00e9e avoir cette \u00e9toile artificielle, l&rsquo;ordinateur peut alors calculer les corrections \u00e0 apporter au miroir secondaire pour enlever cet effet de flou li\u00e9 aux turbulences atmosph\u00e9riques.<\/p>\n<p>Depuis avril 2016, un <a href=\"http:\/\/www.eso.org\/public\/teles-instr\/vlt\/vlt-instr\/4lgsf\/\" target=\"_blank\">syst\u00e8me de 4 unit\u00e9s laser<\/a> a \u00e9t\u00e9 install\u00e9 sur YEPUN, permettant ainsi d&rsquo;\u00e9largir la zone du ciel \u00e0 corriger en cr\u00e9ant non pas une, mais quatre\u00a0\u00e9toiles distinctes dans\u00a0diff\u00e9rents endroits de la zone \u00e0 observer.<\/p>\n<p>Nous n&rsquo;avons malheureusement pas pu observer les lasers en fonctionnement, la phase\u00a0de mise en service (commissioning)\u00a0\u00e9tait achev\u00e9e lorsque nous sommes arriv\u00e9s. Mais voici une photo prise lors de l&rsquo;inauguration du syst\u00e8me en avril dernier<\/p>\n<p>&nbsp;<\/p>\n<div id=\"attachment_9226\" style=\"width: 610px\" class=\"wp-caption aligncenter\"><a href=\"http:\/\/www.eso.org\/public\/france\/images\/eso1613d\/\"><img loading=\"lazy\" decoding=\"async\" aria-describedby=\"caption-attachment-9226\" class=\"wp-image-9226\" src=\"https:\/\/spacetux.org\/cpamoa\/wp-content\/uploads\/2016\/05\/VLT-Yepun-4-Laser-Guide-Star-Facility.jpg\" alt=\"Inauguration du syst\u00e8me de 4 \u00e9toiles guide laser sur Yepun le 26 Avril 2016. Ce sont les \u00e9toiles guide laser les plus puissantes existantes en astronomie. (Cr\u00e9dit : ESO\/G. H\u00fcdepohl)\" width=\"600\" height=\"450\" srcset=\"https:\/\/spacetux.org\/cpamoa\/wp-content\/uploads\/2016\/05\/VLT-Yepun-4-Laser-Guide-Star-Facility.jpg 2048w, https:\/\/spacetux.org\/cpamoa\/wp-content\/uploads\/2016\/05\/VLT-Yepun-4-Laser-Guide-Star-Facility-300x225.jpg 300w, https:\/\/spacetux.org\/cpamoa\/wp-content\/uploads\/2016\/05\/VLT-Yepun-4-Laser-Guide-Star-Facility-768x576.jpg 768w, https:\/\/spacetux.org\/cpamoa\/wp-content\/uploads\/2016\/05\/VLT-Yepun-4-Laser-Guide-Star-Facility-1024x768.jpg 1024w\" sizes=\"auto, (max-width: 600px) 100vw, 600px\" \/><\/a><p id=\"caption-attachment-9226\" class=\"wp-caption-text\">Inauguration du syst\u00e8me de 4 \u00e9toiles guide laser sur Yepun le 26 Avril 2016. Ce sont les \u00e9toiles guides laser les plus puissantes existantes en astronomie. (Cr\u00e9dit : ESO\/G. H\u00fcdepohl)<\/p><\/div>\n<p>&nbsp;<\/p>\n<p>Revenons \u00e0 notre visite de Paranal&#8230; La m\u00e9t\u00e9o n&rsquo;\u00e9tant pas propice aux observations en ce\u00a0dimanche soir, nous n&rsquo;avons pas pu \u00eatre t\u00e9moin de l&rsquo;ouverture des t\u00e9lescopes. Mais nous avons gagn\u00e9 un superbe coucher de soleil sur le Pacifique, renforc\u00e9 par la pr\u00e9sence des nuages qui se sont enflamm\u00e9s. C&rsquo;\u00e9tait super chouette.<\/p>\n<p>&nbsp;<\/p>\n<p><a href=\"https:\/\/spacetux.org\/cpamoa\/wp-content\/uploads\/2016\/05\/Sunset2.jpg\"><img loading=\"lazy\" decoding=\"async\" class=\"aligncenter wp-image-9228\" src=\"https:\/\/spacetux.org\/cpamoa\/wp-content\/uploads\/2016\/05\/Sunset2.jpg\" alt=\"Coucher de soleil au-dessus de Paranal\" width=\"600\" height=\"338\" srcset=\"https:\/\/spacetux.org\/cpamoa\/wp-content\/uploads\/2016\/05\/Sunset2.jpg 2048w, https:\/\/spacetux.org\/cpamoa\/wp-content\/uploads\/2016\/05\/Sunset2-300x169.jpg 300w, https:\/\/spacetux.org\/cpamoa\/wp-content\/uploads\/2016\/05\/Sunset2-768x432.jpg 768w, https:\/\/spacetux.org\/cpamoa\/wp-content\/uploads\/2016\/05\/Sunset2-1024x576.jpg 1024w\" sizes=\"auto, (max-width: 600px) 100vw, 600px\" \/><\/a><\/p>\n<p>&nbsp;<\/p>\n<p>Ce soir-l\u00e0, apr\u00e8s l&rsquo;excellent d\u00eener \u00e0 la cantine de La Residencia, nous avons eu la chance de parler avec deux astronomes de l&rsquo;ESO en salle de contr\u00f4le.<\/p>\n<p>Pour commencer,<a href=\"https:\/\/www.eso.org\/public\/france\/announcements\/ann15031\/\" target=\"_blank\">\u00a0Julien Milli<\/a>\u00a0nous a expliqu\u00e9 le fonctionnement des instruments pr\u00e9sents sur l&rsquo;UT3 Melipal, le t\u00e9lescope sur lequel il travaille. Ces instrument sont SPHERE, VISIR et VIMOS.<\/p>\n<p>&nbsp;<\/p>\n<blockquote class=\"twitter-tweet\" data-lang=\"en\"><p>Pas d&rsquo;observation pour le VLT ce soir, trop de nuages. On rencontre Julien Milli astronome <a href=\"https:\/\/twitter.com\/ESO\">@ESO<\/a> <a href=\"https:\/\/twitter.com\/hashtag\/MeetESO?src=hash\">#MeetESO<\/a> <a href=\"https:\/\/t.co\/1Sfvm8jTzs\">pic.twitter.com\/1Sfvm8jTzs<\/a><\/p>\n<p>\u2014 Lo\u00efc Bommersbach (@Leauickque) <a href=\"https:\/\/twitter.com\/Leauickque\/status\/729486261388513281\">May 9, 2016<\/a><\/p><\/blockquote>\n<p><script src=\"\/\/platform.twitter.com\/widgets.js\" async=\"\" charset=\"utf-8\"><\/script><\/p>\n<p>&nbsp;<\/p>\n<p>Son instrument de pr\u00e9dilection est <a href=\"http:\/\/www.eso.org\/public\/teles-instr\/vlt\/vlt-instr\/sphere\/\" target=\"_blank\">SPHERE<\/a>, il s&rsquo;agit d&rsquo;un instrument qui sert \u00e0 la recherche d&rsquo;exoplan\u00e8tes (Spectro-Polarimetric High-contrast Exoplanet REsearch instrument). L&rsquo;instrument a pour objectif de capturer des images\u00a0directs des exoplan\u00e8tes, c&rsquo;est \u00e0 dire prendre des photo de ces plan\u00e8tes qui orbitent autour d&rsquo;autres \u00e9toiles que notre soleil. L&rsquo;exercice est difficile car la luminosit\u00e9 des \u00e9toiles masque en grande partie tout ce qui peut se trouver autour. C&rsquo;est pourquoi en temps normal la <a href=\"https:\/\/fr.wikipedia.org\/wiki\/M%C3%A9thodes_de_d%C3%A9tection_des_exoplan%C3%A8tes\" target=\"_blank\">d\u00e9tection d&rsquo;exoplan\u00e8tes<\/a> se fait par des moyens indirects : par exemple par la <a href=\"https:\/\/fr.wikipedia.org\/wiki\/M%C3%A9thode_des_vitesses_radiales\" target=\"_blank\">m\u00e9thode des vitesses radiales<\/a>\u00a0ou encore en mesurant la luminosit\u00e9 d&rsquo;une \u00e9toile (<a href=\"https:\/\/fr.wikipedia.org\/wiki\/Exoplan%C3%A8te#Par_le_transit\" target=\"_blank\">m\u00e9thode du transit<\/a>) : une baisse de la luminosit\u00e9 indique qu&rsquo;un objet (une plan\u00e8te) est pass\u00e9 devant.<\/p>\n<p>SPHERE est coupl\u00e9 \u00e0 un syst\u00e8me d&rsquo;optique adaptative ainsi qu&rsquo;\u00e0 un coronographe qui permet de masquer le disque de\u00a0l&rsquo;\u00e9toile pour mieux d\u00e9tecter les plan\u00e8tes tournant autour. Mais comme masquer le disque d&rsquo;une\u00a0\u00e9toile n&rsquo;est pas suffisant, il reste toujours un halo brillant autour de l&rsquo;\u00e9toile, l&rsquo;instrument va utiliser la technique de l&rsquo;imagerie diff\u00e9rentielle : la lumi\u00e8re venant d&rsquo;une \u00e9toile est non polaris\u00e9e. Mais lorsque cette lumi\u00e8re est r\u00e9fl\u00e9chie par\u00a0la surface d&rsquo;une plan\u00e8te ou par un disque de poussi\u00e8re, elle devient partiellement polaris\u00e9e. Cela permet donc d&rsquo;isoler les deux types de lumi\u00e8re \u00e0 l&rsquo;aide de filtres, et bloquer celle venant de l&rsquo;\u00e9toile en\u00a0ne laissant passer que la lumi\u00e8re polaris\u00e9e r\u00e9fl\u00e9chie par la plan\u00e8te ou le disque de poussi\u00e8re.<\/p>\n<p><a href=\"http:\/\/www.eso.org\/public\/teles-instr\/vlt\/vlt-instr\/visir\/\" target=\"_blank\">VISIR<\/a>\u00a0(VLT Imager and Spectrometer for mid-InfraRed) observe dans le domaine de l&rsquo;infrarouge moyen. Il peut\u00a0observer ce qu&rsquo;il se passe derri\u00e8re les nuages de gaz et de poussi\u00e8re et peut \u00e9tudier par exemple la formation et l&rsquo;\u00e9volution des \u00e9toiles.<\/p>\n<p>Et pour finir <a href=\"http:\/\/www.eso.org\/public\/teles-instr\/vlt\/vlt-instr\/vimos\/\" target=\"_blank\">VIMOS<\/a> (VIsible Multi-Object Spectograph) est utilis\u00e9 pour capturer le spectre lumineux (et permet ainsi d&rsquo;\u00e9tudier le d\u00e9placement\u00a0et la composition) de centaines d&rsquo;objets c\u00e9lestes de faible luminosit\u00e9 en m\u00eame temps, comme des galaxies par exemple. Certains de ces objets se situent \u00e0 des distances allant jusqu&rsquo;\u00e0 plusieurs milliards d&rsquo;ann\u00e9es-lumi\u00e8re.<\/p>\n<p>Pour pouvoir n&rsquo;\u00e9tudier qu&rsquo;un nombre limit\u00e9 d&rsquo;objets\u00a0(et non pas la totalit\u00e9 des objets de la r\u00e9gion observ\u00e9e), un masque est r\u00e9alis\u00e9 en per\u00e7ant des trous \u00e0 l&rsquo;endroit o\u00f9 se situe les objets cibl\u00e9s.<\/p>\n<div id=\"attachment_9232\" style=\"width: 348px\" class=\"wp-caption aligncenter\"><a href=\"https:\/\/spacetux.org\/cpamoa\/wp-content\/uploads\/2016\/06\/Paranal_2016-05-08_22-49-29.jpg\"><img loading=\"lazy\" decoding=\"async\" aria-describedby=\"caption-attachment-9232\" class=\"wp-image-9232\" src=\"https:\/\/spacetux.org\/cpamoa\/wp-content\/uploads\/2016\/06\/Paranal_2016-05-08_22-49-29.jpg\" alt=\"Julien Milli nous explique le fonctionnement des masques de VIMOS\" width=\"338\" height=\"450\" srcset=\"https:\/\/spacetux.org\/cpamoa\/wp-content\/uploads\/2016\/06\/Paranal_2016-05-08_22-49-29.jpg 1200w, https:\/\/spacetux.org\/cpamoa\/wp-content\/uploads\/2016\/06\/Paranal_2016-05-08_22-49-29-225x300.jpg 225w, https:\/\/spacetux.org\/cpamoa\/wp-content\/uploads\/2016\/06\/Paranal_2016-05-08_22-49-29-768x1024.jpg 768w\" sizes=\"auto, (max-width: 338px) 100vw, 338px\" \/><\/a><p id=\"caption-attachment-9232\" class=\"wp-caption-text\">Julien Milli nous explique le fonctionnement des masques de VIMOS<\/p><\/div>\n<p>&nbsp;<\/p>\n<p>Ce masque est ensuite plac\u00e9 sur VIMOS. La lumi\u00e8re des objets va passer \u00e0 travers les trous du masque et VIMOS va d\u00e9composer la lumi\u00e8re \u00e0 l&rsquo;aide d&rsquo;un appareil de type prisme pour chacun des objets, produisant un spectre qui sera enregistr\u00e9 par les cam\u00e9ras CCD de l&rsquo;instrument. Chaque spectre va renseigner les astronomes sur la composition et le d\u00e9placement des objets \u00e9tudi\u00e9s.<\/p>\n<p>&nbsp;<\/p>\n<div id=\"attachment_9233\" style=\"width: 610px\" class=\"wp-caption aligncenter\"><a href=\"https:\/\/spacetux.org\/cpamoa\/wp-content\/uploads\/2016\/06\/IMG_6561.jpg\"><img loading=\"lazy\" decoding=\"async\" aria-describedby=\"caption-attachment-9233\" class=\"wp-image-9233\" src=\"https:\/\/spacetux.org\/cpamoa\/wp-content\/uploads\/2016\/06\/IMG_6561.jpg\" alt=\"Les stations de travail de l'UT3 Melipal. Deux \u00e9crans pour chaque instrument. De gauche \u00e0 droite : SPHERE, VISIR et VIMOS\" width=\"600\" height=\"450\" srcset=\"https:\/\/spacetux.org\/cpamoa\/wp-content\/uploads\/2016\/06\/IMG_6561.jpg 2048w, https:\/\/spacetux.org\/cpamoa\/wp-content\/uploads\/2016\/06\/IMG_6561-300x225.jpg 300w, https:\/\/spacetux.org\/cpamoa\/wp-content\/uploads\/2016\/06\/IMG_6561-768x576.jpg 768w, https:\/\/spacetux.org\/cpamoa\/wp-content\/uploads\/2016\/06\/IMG_6561-1024x768.jpg 1024w\" sizes=\"auto, (max-width: 600px) 100vw, 600px\" \/><\/a><p id=\"caption-attachment-9233\" class=\"wp-caption-text\">Les stations de travail de l&rsquo;UT3 Melipal. Deux \u00e9crans pour chaque instrument. De gauche \u00e0 droite : SPHERE, VISIR et VIMOS<\/p><\/div>\n<p>&nbsp;<\/p>\n<p>Avez-vous remarqu\u00e9, sur la photo ci-dessus, la petite affiche orange au-dessus du bureau : \u00ab\u00a0KEEP CALM AND TURN IT OFF AND ON AGAIN\u00a0\u00bb, il faut croire que cette m\u00e9thode fonctionne \u00e9galement avec des instruments de haute technologie \ud83d\ude00<\/p>\n<p>&nbsp;<\/p>\n<p>Apr\u00e8s ce moment int\u00e9ressant pass\u00e9 en compagnie de Julien Milli, nous sommes all\u00e9 \u00e0 la rencontre d&rsquo;un autre astronome de l&rsquo;ESO, Willem-Jan de Wit, qui nous en a dit plus sur l&rsquo;interf\u00e9rom\u00e9trie.<\/p>\n<p>&nbsp;<\/p>\n<div id=\"attachment_9234\" style=\"width: 348px\" class=\"wp-caption aligncenter\"><a href=\"https:\/\/spacetux.org\/cpamoa\/wp-content\/uploads\/2016\/06\/Paranal_2016-05-08_23-11-30.jpg\"><img loading=\"lazy\" decoding=\"async\" aria-describedby=\"caption-attachment-9234\" class=\"wp-image-9234\" src=\"https:\/\/spacetux.org\/cpamoa\/wp-content\/uploads\/2016\/06\/Paranal_2016-05-08_23-11-30.jpg\" alt=\"Willem-Jan de Wit nous parle de l'interf\u00e9rom\u00e9trie \u00e0 Paranal\" width=\"338\" height=\"450\" srcset=\"https:\/\/spacetux.org\/cpamoa\/wp-content\/uploads\/2016\/06\/Paranal_2016-05-08_23-11-30.jpg 2448w, https:\/\/spacetux.org\/cpamoa\/wp-content\/uploads\/2016\/06\/Paranal_2016-05-08_23-11-30-225x300.jpg 225w, https:\/\/spacetux.org\/cpamoa\/wp-content\/uploads\/2016\/06\/Paranal_2016-05-08_23-11-30-768x1024.jpg 768w\" sizes=\"auto, (max-width: 338px) 100vw, 338px\" \/><\/a><p id=\"caption-attachment-9234\" class=\"wp-caption-text\">Willem-Jan de Wit nous parle de l&rsquo;interf\u00e9rom\u00e9trie \u00e0 Paranal<\/p><\/div>\n<p>&nbsp;<\/p>\n<p><a href=\"http:\/\/www.eso.org\/public\/france\/teles-instr\/technology\/interferometry\/\" target=\"_blank\">L&rsquo;interf\u00e9rom\u00e9trie <\/a>est la technique qui consiste \u00e0\u00a0combiner le signal de plusieurs t\u00e9lescopes pour obtenir une image de meilleure r\u00e9solution (c&rsquo;est \u00e0 dire avec des d\u00e9tails plus fins).<\/p>\n<p>Avant ce soir-l\u00e0 je pensais que les quatre T\u00e9lescopes Unitaires (UT1 \u00e0 UT4) \u00e9taient syst\u00e9matiquement utilis\u00e9s pour l&rsquo;interf\u00e9rom\u00e9trie mais ce n&rsquo;est pas le cas. En fait les UT ne sont utilis\u00e9s qu&rsquo;environ 5 nuits\u00a0par mois. Les autres nuits,\u00a0ils n&rsquo;utilisent que les\u00a04 t\u00e9lescopes auxiliaires. Ce qui permet pour une nuit donn\u00e9e de mener plusieurs\u00a0observations en parall\u00e8le, en utilisant l&rsquo;interf\u00e9rom\u00e9trie et en utilisant les t\u00e9lescopes seuls.<\/p>\n<p>&nbsp;<\/p>\n<p><a href=\"https:\/\/spacetux.org\/cpamoa\/wp-content\/uploads\/2016\/06\/Paranal_2016-05-08_23-39-47.jpg\"><img loading=\"lazy\" decoding=\"async\" class=\"aligncenter wp-image-9235\" src=\"https:\/\/spacetux.org\/cpamoa\/wp-content\/uploads\/2016\/06\/Paranal_2016-05-08_23-39-47.jpg\" alt=\"Sch\u00e9ma du VLTI de Paranal\" width=\"600\" height=\"450\" srcset=\"https:\/\/spacetux.org\/cpamoa\/wp-content\/uploads\/2016\/06\/Paranal_2016-05-08_23-39-47.jpg 3264w, https:\/\/spacetux.org\/cpamoa\/wp-content\/uploads\/2016\/06\/Paranal_2016-05-08_23-39-47-300x225.jpg 300w, https:\/\/spacetux.org\/cpamoa\/wp-content\/uploads\/2016\/06\/Paranal_2016-05-08_23-39-47-768x576.jpg 768w, https:\/\/spacetux.org\/cpamoa\/wp-content\/uploads\/2016\/06\/Paranal_2016-05-08_23-39-47-1024x768.jpg 1024w\" sizes=\"auto, (max-width: 600px) 100vw, 600px\" \/><\/a><\/p>\n<p>&nbsp;<\/p>\n<p>Le sch\u00e9ma ci-dessus pr\u00e9sente les emplacements des t\u00e9lescopes auxiliaires (les pastilles de couleur A1 \u00e0 A4) et le trajet effectu\u00e9 par les signaux lumineux \u00e0 l&rsquo;int\u00e9rieur du tunnel d&rsquo;interf\u00e9rom\u00e9trie situ\u00e9 sous la plateforme.<\/p>\n<p>Quel est le r\u00f4le de ce tunnel ?<\/p>\n<p>Pour pouvoir \u00eatre combin\u00e9 par les instruments d&rsquo;interf\u00e9rom\u00e9trie, les faisceaux lumineux doivent arriver exactement en m\u00eame temps (\u00e0 la nanoseconde pr\u00e8s)\u00a0\u00a0\u00e0 l&rsquo;entr\u00e9e de l&rsquo;instrument. Pour homog\u00e9n\u00e9iser le temps de trajet des faisceaux de lumi\u00e8re de tous les t\u00e9lescopes, il existe un syst\u00e8me de\u00a0lignes de retard : la lumi\u00e8re des t\u00e9lescopes est envoy\u00e9e\u00a0dans un tunnel en direction de miroirs plac\u00e9s sur des rails\u00a0avant d&rsquo;\u00eatre r\u00e9fl\u00e9chie\u00a0vers l&rsquo;instrument utilis\u00e9. Ces miroirs\u00a0vont permettre de rallonger le trajet de certains rayons et raccourcir le trajet d&rsquo;autres, afin qu&rsquo;au final, tous les rayons arrivent en m\u00eame temps \u00e0 l&rsquo;entr\u00e9e des instruments.<\/p>\n<p>&nbsp;<\/p>\n<div id=\"attachment_9241\" style=\"width: 610px\" class=\"wp-caption aligncenter\"><a href=\"https:\/\/spacetux.org\/cpamoa\/wp-content\/uploads\/2016\/06\/VLTI-delay-lines.jpg\"><img loading=\"lazy\" decoding=\"async\" aria-describedby=\"caption-attachment-9241\" class=\"wp-image-9241\" src=\"https:\/\/spacetux.org\/cpamoa\/wp-content\/uploads\/2016\/06\/VLTI-delay-lines.jpg\" alt=\"Vue du tunnel interf\u00e9rom\u00e9trique et des lignes de retard (Cr\u00e9dit : ESO\/H.Zodet)\" width=\"600\" height=\"450\" srcset=\"https:\/\/spacetux.org\/cpamoa\/wp-content\/uploads\/2016\/06\/VLTI-delay-lines.jpg 2048w, https:\/\/spacetux.org\/cpamoa\/wp-content\/uploads\/2016\/06\/VLTI-delay-lines-300x225.jpg 300w, https:\/\/spacetux.org\/cpamoa\/wp-content\/uploads\/2016\/06\/VLTI-delay-lines-768x576.jpg 768w, https:\/\/spacetux.org\/cpamoa\/wp-content\/uploads\/2016\/06\/VLTI-delay-lines-1024x768.jpg 1024w\" sizes=\"auto, (max-width: 600px) 100vw, 600px\" \/><\/a><p id=\"caption-attachment-9241\" class=\"wp-caption-text\">Vue du tunnel interf\u00e9rom\u00e9trique et des lignes de retard (Cr\u00e9dit : ESO\/H.Zodet)<\/p><\/div>\n<p>&nbsp;<\/p>\n<p>Chaque t\u00e9lescope auxiliaire peut \u00eatre d\u00e9plac\u00e9 sur la plateforme en fonction des observations qui sont \u00e0 faire. La r\u00e9solution du VLTI (VLT Interferometry) correspond\u00a0\u00e0 celle que l&rsquo;on aurait obtenue avec un t\u00e9lescope de diam\u00e8tre \u00e9quivalent \u00e0 la plus grande distance entre deux t\u00e9lescopes du VLTI. Cette distance\u00a0peut aller jusqu&rsquo;\u00e0 130 m\u00e8tres sans les AT et 200 m\u00e8tres avec.<\/p>\n<p>&nbsp;<\/p>\n<div id=\"attachment_9238\" style=\"width: 610px\" class=\"wp-caption aligncenter\"><a href=\"https:\/\/spacetux.org\/cpamoa\/wp-content\/uploads\/2016\/06\/Paranal_2016-05-08_23-40-24.jpg\"><img loading=\"lazy\" decoding=\"async\" aria-describedby=\"caption-attachment-9238\" class=\"wp-image-9238\" src=\"https:\/\/spacetux.org\/cpamoa\/wp-content\/uploads\/2016\/06\/Paranal_2016-05-08_23-40-24.jpg\" alt=\"Le VLTI de Paranal\" width=\"600\" height=\"450\" srcset=\"https:\/\/spacetux.org\/cpamoa\/wp-content\/uploads\/2016\/06\/Paranal_2016-05-08_23-40-24.jpg 1600w, https:\/\/spacetux.org\/cpamoa\/wp-content\/uploads\/2016\/06\/Paranal_2016-05-08_23-40-24-300x225.jpg 300w, https:\/\/spacetux.org\/cpamoa\/wp-content\/uploads\/2016\/06\/Paranal_2016-05-08_23-40-24-768x576.jpg 768w, https:\/\/spacetux.org\/cpamoa\/wp-content\/uploads\/2016\/06\/Paranal_2016-05-08_23-40-24-1024x768.jpg 1024w\" sizes=\"auto, (max-width: 600px) 100vw, 600px\" \/><\/a><p id=\"caption-attachment-9238\" class=\"wp-caption-text\">Le VLTI de Paranal<\/p><\/div>\n<p>&nbsp;<\/p>\n<p>La photo ci-dessus offre une vue plus d\u00e9taill\u00e9e sur les lignes de retard (partie inf\u00e9rieure de l&rsquo;\u00e9cran) et sur le laboratoire, la pi\u00e8ce o\u00f9 sont situ\u00e9s les instruments de l&rsquo;interf\u00e9rom\u00e8tre qui vont recombiner les faisceaux lumineux. On voit notamment que les rayons sont dirig\u00e9s vers un instrument qui s&rsquo;appelle <a href=\"https:\/\/www.eso.org\/public\/usa\/teles-instr\/vlt\/vlt-instr\/gravity\/\" target=\"_blank\">GRAVITY<\/a>. Cet instrument qui fait partie de la deuxi\u00e8me\u00a0g\u00e9n\u00e9ration des instruments de l&rsquo;interf\u00e9rom\u00e8tre est actuellement en phase de test \u00e0 Paranal et il doit permettre d&rsquo;\u00e9tudier le trou noir supermassif (4 millions\u00a0de fois la masse de notre soleil) qui se trouve au centre de notre galaxie en utilisant les 4 t\u00e9lescopes unitaires du VLT.<\/p>\n<p>Qui mieux qu&rsquo;un astronome peut r\u00e9sumer en quelques phrases ce qu&rsquo;est GRAVITY<br \/>\n<iframe loading=\"lazy\" src=\"https:\/\/www.youtube.com\/embed\/tWkNJmujuvY\" width=\"560\" height=\"315\" frameborder=\"0\" allowfullscreen=\"allowfullscreen\"><\/iframe><\/p>\n<p>&nbsp;<\/p>\n<p>Pour en savoir plus sur GRAVITY, <a href=\"https:\/\/www.youtube.com\/watch?v=qtriyxpSgj8\" target=\"_blank\">cette autre vid\u00e9o<\/a> en fran\u00e7ais est beaucoup plus pointue, je vous laisse le lien si vous voulez la regarder \ud83d\ude42<\/p>\n<p>Et pour en savoir plus sur l&rsquo;interf\u00e9rom\u00e9trie \u00e0 Paranal et voir les lignes de retard en fonctionnement, cet ESOcast (sous-titr\u00e9 en fran\u00e7ais) est \u00e0 voir \u00e9galement.<br \/>\n<iframe loading=\"lazy\" src=\"https:\/\/www.youtube.com\/embed\/Ee7dMfbkXe4?list=PL25F06D1140B44361\" width=\"560\" height=\"315\" frameborder=\"0\" allowfullscreen=\"allowfullscreen\"><\/iframe><\/p>\n<p>&nbsp;<\/p>\n<p>Cette premi\u00e8re journ\u00e9e \u00e0 Paranal a \u00e9t\u00e9 riche en d\u00e9couvertes et en informations. Le site est grandiose. Parler avec les astronomes a \u00e9t\u00e9 tr\u00e8s int\u00e9ressant. Malheureusement le ciel ne permettra pas d&rsquo;observer les \u00e9toiles ce soir-l\u00e0, mais il parait que la m\u00e9t\u00e9o va s&rsquo;am\u00e9liorer le jour suivant. Il y a int\u00e9r\u00eat, car c&rsquo;est le jour du transit de Mercure devant le soleil ! A lire dans un prochain article !<\/p>\n<p><strong>Pour en savoir plus&#8230;<\/strong><\/p>\n<p>Les Storify de Remco, notamment <a href=\"https:\/\/storify.com\/timmermansr\/meeteso-day-2\" target=\"_blank\">le Jour 2<\/a><br \/>\nLes<a href=\"https:\/\/www.youtube.com\/watch?v=rJINAguHQ5E&amp;list=PL25F06D1140B44361\" target=\"_blank\"> ESOcast de l&rsquo;ESO<\/a>, beaucoup de vid\u00e9os parlent de l&rsquo;Observatoire et de la vie sur le site. La plupart des vid\u00e9os sont sous-titr\u00e9es en fran\u00e7ais<\/p>\n<p>&nbsp;<\/p>\n<p>&nbsp;<\/p>\n","protected":false},"excerpt":{"rendered":"<p>Il est des voyages qu&rsquo;on referait ind\u00e9finiment. Ce voyage au Chili en fait partie. Depuis que je suis rentr\u00e9e je ne r\u00eave que d&rsquo;une chose : y retourner. Il faut dire que les paysages sont grandioses et les lieux visit\u00e9s totalement magiques. Aller \u00e0 Paranal \u00e7a se \u00a0m\u00e9rite. D\u00e9j\u00e0, c&rsquo;est environ 14h de vol depuis Paris pour rejoindre Santiago, puis le lendemain 2h de vol entre Santiago et Antofagasta suivi par environ 2h de route dans le d\u00e9sert entre Antofagasta<\/p>\n","protected":false},"author":1,"featured_media":9214,"comment_status":"open","ping_status":"open","sticky":false,"template":"","format":"standard","meta":{"footnotes":""},"categories":[188],"tags":[960,767,980,982,981,959,983,645,613],"class_list":["post-9199","post","type-post","status-publish","format-standard","has-post-thumbnail","hentry","category-astronomie","tag-meeteso","tag-eso","tag-interferometrie","tag-optique-active","tag-optique-adaptative","tag-paranal","tag-telescope","tag-telescope-infrarouge","tag-vlt"],"jetpack_featured_media_url":"https:\/\/spacetux.org\/cpamoa\/wp-content\/uploads\/2016\/05\/VLT-Paranal.jpg","jetpack_shortlink":"https:\/\/wp.me\/p4aZXT-2on","_links":{"self":[{"href":"https:\/\/spacetux.org\/cpamoa\/wp-json\/wp\/v2\/posts\/9199","targetHints":{"allow":["GET"]}}],"collection":[{"href":"https:\/\/spacetux.org\/cpamoa\/wp-json\/wp\/v2\/posts"}],"about":[{"href":"https:\/\/spacetux.org\/cpamoa\/wp-json\/wp\/v2\/types\/post"}],"author":[{"embeddable":true,"href":"https:\/\/spacetux.org\/cpamoa\/wp-json\/wp\/v2\/users\/1"}],"replies":[{"embeddable":true,"href":"https:\/\/spacetux.org\/cpamoa\/wp-json\/wp\/v2\/comments?post=9199"}],"version-history":[{"count":17,"href":"https:\/\/spacetux.org\/cpamoa\/wp-json\/wp\/v2\/posts\/9199\/revisions"}],"predecessor-version":[{"id":9248,"href":"https:\/\/spacetux.org\/cpamoa\/wp-json\/wp\/v2\/posts\/9199\/revisions\/9248"}],"wp:featuredmedia":[{"embeddable":true,"href":"https:\/\/spacetux.org\/cpamoa\/wp-json\/wp\/v2\/media\/9214"}],"wp:attachment":[{"href":"https:\/\/spacetux.org\/cpamoa\/wp-json\/wp\/v2\/media?parent=9199"}],"wp:term":[{"taxonomy":"category","embeddable":true,"href":"https:\/\/spacetux.org\/cpamoa\/wp-json\/wp\/v2\/categories?post=9199"},{"taxonomy":"post_tag","embeddable":true,"href":"https:\/\/spacetux.org\/cpamoa\/wp-json\/wp\/v2\/tags?post=9199"}],"curies":[{"name":"wp","href":"https:\/\/api.w.org\/{rel}","templated":true}]}}